{"id":9713,"date":"2020-10-27T06:57:21","date_gmt":"2020-10-27T05:57:21","guid":{"rendered":"https:\/\/rna.ao\/rna.ao\/?p=9713"},"modified":"2020-10-27T06:57:21","modified_gmt":"2020-10-27T05:57:21","slug":"lunda-sul-pais-rejeitam-vacina-da-polio-aos-filhos-alegando-experiencia-da-covid-19","status":"publish","type":"post","link":"https:\/\/rna.ao\/rna.ao\/2020\/10\/27\/lunda-sul-pais-rejeitam-vacina-da-polio-aos-filhos-alegando-experiencia-da-covid-19\/","title":{"rendered":"Lunda-Sul: Pais rejeitam vacina da P\u00f3lio aos filhos alegando experi\u00eancia da Covid-19"},"content":{"rendered":"<p><img loading=\"lazy\" class=\"wp-image-9716 alignleft\" src=\"https:\/\/rna.ao\/rna.ao\/wp-content\/uploads\/2020\/10\/Crianca-vacina-da-Polio.jpg\" alt=\"\" width=\"270\" height=\"198\" \/><\/p>\n<p>Na prov\u00edncia da Lunda-Sul pais e encarregados de educa\u00e7\u00e3o n\u00e3o querem levar os seus filhos, dos zero aos cinco anos de idade, \u00e0 vacina\u00e7\u00e3o contra a poliomielite, alegando que se trata da vacina contra a Covid-19.<\/p>\n<p>A situa\u00e7\u00e3o est\u00e1 a preocupar os respons\u00e1veis locais, pelo sector da sa\u00fade, que esperam vacinar mais de cinquenta mil crian\u00e7as na localidade. Clique no \u00e1udio, em baixo, e saiba mais na reportagem:<\/p>\n\t<div class=\"qtmplayer-playlist-large\">\n\t\t<ul class=\"qtmplayer-playlist\">\n\t\t\t\n\t\t\t\t\t<li class=\"qtmplayer-trackitem\">\n\t\t<img src=\"https:\/\/rna.ao\/rna.ao\/wp-content\/uploads\/2020\/10\/Crianca-vacina-da-Polio-100x100.jpg\" alt=\"cover\">\t\t<span \t\t\tdata-qtmplayer-cover=\"https:\/\/rna.ao\/rna.ao\/wp-content\/uploads\/2020\/10\/Crianca-vacina-da-Polio.jpg\"\n\t\t\t\t\t\tdata-qtmplayer-file=\"https:\/\/rna.ao\/rna.ao\/wp-content\/uploads\/2020\/10\/HORTENSIO-MICHEL.mp3\"\n\t\t\t\t\t\tdata-qtmplayer-title=\"Lunda-Sul: Pais rejeitam vacina da P\u00f3lio aos filhos alegando experi\u00eancia da Covid-19\"\n\t\t\t\t\t\tdata-qtmplayer-artist=\"RNA\"\n\t\t\t\t\t\tdata-qtmplayer-link=\"https:\/\/rna.ao\/rna.ao\/2020\/10\/27\/lunda-sul-pais-rejeitam-vacina-da-polio-aos-filhos-alegando-experiencia-da-covid-19\/\"\n\t\t\t\t\t\tdata-qtmplayer-icon=\"file_download\"\n\t\t\t\t\t\tdata-qtmplayer-type=\"track\"\n\t\t\t class=\"qtmplayer-play qtmplayer-link-sec qtmplayer-play-btn\"><i class='material-icons'>play_arrow<\/i><\/span>\n\t\t<p>\n\t\t\t<span class=\"qtmplayer-tit\">Lunda-Sul: Pais rejeitam vacina da P\u00f3lio aos filhos alegando experi\u00eancia da Covid-19<\/span>\n\t\t\t<span class=\"qtmplayer-art\">RNA<\/span>\n\t\t<\/p>\n\t<\/li>\n\t\t<\/ul>\n\t<\/div>\t\t\t\n\t\n<p>Fonte: RNA- Jornalista Hort\u00eansio Michel<\/p>\n","protected":false},"excerpt":{"rendered":"<p>Na prov\u00edncia da Lunda-Sul pais e encarregados de educa\u00e7\u00e3o n\u00e3o querem levar os seus filhos, dos zero aos cinco anos de idade, \u00e0 vacina\u00e7\u00e3o contra a poliomielite, alegando que se trata da vacina contra a Covid-19. A situa\u00e7\u00e3o est\u00e1 a preocupar os respons\u00e1veis locais, pelo sector da sa\u00fade, que esperam ...<\/p>\n","protected":false},"author":8,"featured_media":9716,"comment_status":"closed","ping_status":"closed","sticky":false,"template":"","format":"standard","meta":[],"categories":[142,121,164,163],"tags":[],"_links":{"self":[{"href":"https:\/\/rna.ao\/rna.ao\/wp-json\/wp\/v2\/posts\/9713"}],"collection":[{"href":"https:\/\/rna.ao\/rna.ao\/wp-json\/wp\/v2\/posts"}],"about":[{"href":"https:\/\/rna.ao\/rna.ao\/wp-json\/wp\/v2\/types\/post"}],"author":[{"embeddable":true,"href":"https:\/\/rna.ao\/rna.ao\/wp-json\/wp\/v2\/users\/8"}],"replies":[{"embeddable":true,"href":"https:\/\/rna.ao\/rna.ao\/wp-json\/wp\/v2\/comments?post=9713"}],"version-history":[{"count":1,"href":"https:\/\/rna.ao\/rna.ao\/wp-json\/wp\/v2\/posts\/9713\/revisions"}],"predecessor-version":[{"id":9717,"href":"https:\/\/rna.ao\/rna.ao\/wp-json\/wp\/v2\/posts\/9713\/revisions\/9717"}],"wp:featuredmedia":[{"embeddable":true,"href":"https:\/\/rna.ao\/rna.ao\/wp-json\/wp\/v2\/media\/9716"}],"wp:attachment":[{"href":"https:\/\/rna.ao\/rna.ao\/wp-json\/wp\/v2\/media?parent=9713"}],"wp:term":[{"taxonomy":"category","embeddable":true,"href":"https:\/\/rna.ao\/rna.ao\/wp-json\/wp\/v2\/categories?post=9713"},{"taxonomy":"post_tag","embeddable":true,"href":"https:\/\/rna.ao\/rna.ao\/wp-json\/wp\/v2\/tags?post=9713"}],"curies":[{"name":"wp","href":"https:\/\/api.w.org\/{rel}","templated":true}]}}