{"id":97028,"date":"2023-03-21T12:50:25","date_gmt":"2023-03-21T11:50:25","guid":{"rendered":"https:\/\/rna.ao\/rna.ao\/?p=97028"},"modified":"2023-03-21T12:50:25","modified_gmt":"2023-03-21T11:50:25","slug":"dia-mundial-da-arvore-junta-profissionais-da-radio-namibe-e-grupo-de-mulheres-parlamentares","status":"publish","type":"post","link":"https:\/\/rna.ao\/rna.ao\/2023\/03\/21\/dia-mundial-da-arvore-junta-profissionais-da-radio-namibe-e-grupo-de-mulheres-parlamentares\/","title":{"rendered":"Dia mundial da \u00e1rvore junta profissionais da R\u00e1dio Namibe e grupo de mulheres parlamentares"},"content":{"rendered":"<div class=\"x11i5rnm xat24cr x1mh8g0r x1vvkbs xtlvy1s x126k92a\">\n<div dir=\"auto\"><img loading=\"lazy\" class=\"wp-image-97029 alignleft\" src=\"https:\/\/rna.ao\/rna.ao\/wp-content\/uploads\/2023\/03\/336360272_3524211887862665_681567444336276914_n.jpg\" alt=\"\" width=\"375\" height=\"281\" \/>Assinala-se hoje, 21 de Mar\u00e7o, o dia mundial da \u00e1rvore. Para saudar a efem\u00e9ride os profissionais da R\u00e1dio Namibe e o n\u00facleo de mulheres parlamentares juntaram-se ao programa &#8220;Namibe verde&#8221; e plantaram \u00e1rvores. Na ocasi\u00e3o, os envolvidos destacaram a import\u00e2ncia da \u00e1rvore para a sustentabilidade ambiental.<\/div>\n<\/div>\n","protected":false},"excerpt":{"rendered":"<p>Assinala-se hoje, 21 de Mar\u00e7o, o dia mundial da \u00e1rvore. Para saudar a efem\u00e9ride os profissionais da R\u00e1dio Namibe e o n\u00facleo de mulheres parlamentares juntaram-se ao programa &#8220;Namibe verde&#8221; e plantaram \u00e1rvores. Na ocasi\u00e3o, os envolvidos destacaram a import\u00e2ncia da \u00e1rvore para a sustentabilidade ambiental.<\/p>\n","protected":false},"author":8,"featured_media":97030,"comment_status":"closed","ping_status":"closed","sticky":false,"template":"","format":"standard","meta":[],"categories":[142,121,163],"tags":[],"_links":{"self":[{"href":"https:\/\/rna.ao\/rna.ao\/wp-json\/wp\/v2\/posts\/97028"}],"collection":[{"href":"https:\/\/rna.ao\/rna.ao\/wp-json\/wp\/v2\/posts"}],"about":[{"href":"https:\/\/rna.ao\/rna.ao\/wp-json\/wp\/v2\/types\/post"}],"author":[{"embeddable":true,"href":"https:\/\/rna.ao\/rna.ao\/wp-json\/wp\/v2\/users\/8"}],"replies":[{"embeddable":true,"href":"https:\/\/rna.ao\/rna.ao\/wp-json\/wp\/v2\/comments?post=97028"}],"version-history":[{"count":1,"href":"https:\/\/rna.ao\/rna.ao\/wp-json\/wp\/v2\/posts\/97028\/revisions"}],"predecessor-version":[{"id":97031,"href":"https:\/\/rna.ao\/rna.ao\/wp-json\/wp\/v2\/posts\/97028\/revisions\/97031"}],"wp:featuredmedia":[{"embeddable":true,"href":"https:\/\/rna.ao\/rna.ao\/wp-json\/wp\/v2\/media\/97030"}],"wp:attachment":[{"href":"https:\/\/rna.ao\/rna.ao\/wp-json\/wp\/v2\/media?parent=97028"}],"wp:term":[{"taxonomy":"category","embeddable":true,"href":"https:\/\/rna.ao\/rna.ao\/wp-json\/wp\/v2\/categories?post=97028"},{"taxonomy":"post_tag","embeddable":true,"href":"https:\/\/rna.ao\/rna.ao\/wp-json\/wp\/v2\/tags?post=97028"}],"curies":[{"name":"wp","href":"https:\/\/api.w.org\/{rel}","templated":true}]}}