{"id":96963,"date":"2023-03-21T08:55:32","date_gmt":"2023-03-21T07:55:32","guid":{"rendered":"https:\/\/rna.ao\/rna.ao\/?p=96963"},"modified":"2023-03-21T08:56:22","modified_gmt":"2023-03-21T07:56:22","slug":"palancas-negras-realizam-3o-treino-na-argelia-na-rota-do-can-da-cote-divoire","status":"publish","type":"post","link":"https:\/\/rna.ao\/rna.ao\/2023\/03\/21\/palancas-negras-realizam-3o-treino-na-argelia-na-rota-do-can-da-cote-divoire\/","title":{"rendered":"Palancas Negras realizam 3\u00ba treino na Arg\u00e9lia na rota do CAN da Cote d\u2019Ivoire"},"content":{"rendered":"<p style=\"font-weight: 400;\"><img loading=\"lazy\" class=\"wp-image-96970 alignleft\" src=\"https:\/\/rna.ao\/rna.ao\/wp-content\/uploads\/2023\/03\/treino_dos_fortes_14465527016252b816f0e56.jpg\" alt=\"\" width=\"353\" height=\"202\" \/>A Selec\u00e7\u00e3o Nacional S\u00e9nior Masculina de Futebol realizam hoje, 21 de Mar\u00e7o, em solo argelino o terceiro treino \u00e0s 10 horas, a meio da tarde rumam a Kumasi. Na segunda-feira o treino bastante animado cingiu-se em trabalhar a circula\u00e7\u00e3o de bola e a explora\u00e7\u00e3o da profundidade, bem como estimular a agressividade defensiva, na sess\u00e3o realizada ontem com a integra\u00e7\u00e3o da maioria dos convocados a excep\u00e7\u00e3o de Ary Papel, Geraldo, Mbala Zola e Lucas Jo\u00e3o que desembarcaram apenas no fim do dia. O m\u00e9dio Bruno Paz, revela ansiedade para o primeiro jogo com o Gana. Clique, no \u00e1udio abaixo, e ou\u00e7a:<\/p>\n\t<div class=\"qtmplayer-playlist-large\">\n\t\t<ul class=\"qtmplayer-playlist\">\n\t\t\t\n\t\t\t\t\t<li class=\"qtmplayer-trackitem\">\n\t\t<img src=\"https:\/\/rna.ao\/rna.ao\/wp-content\/uploads\/2023\/03\/pre_paracao_116934025262bb6d0b7088c-100x100.jpg\" alt=\"cover\">\t\t<span \t\t\tdata-qtmplayer-cover=\"https:\/\/rna.ao\/rna.ao\/wp-content\/uploads\/2023\/03\/pre_paracao_116934025262bb6d0b7088c.jpg\"\n\t\t\t\t\t\tdata-qtmplayer-file=\"https:\/\/rna.ao\/rna.ao\/wp-content\/uploads\/2023\/03\/P-J-1-BRUNO-PAZ-21-03-23.mp3\"\n\t\t\t\t\t\tdata-qtmplayer-title=\"Palancas Negras realizam 3\u00ba treino na Arg\u00e9lia na rota do CAN da Cote d\u2019Ivoire\"\n\t\t\t\t\t\tdata-qtmplayer-artist=\"RNA\"\n\t\t\t\t\t\tdata-qtmplayer-link=\"https:\/\/rna.ao\/rna.ao\/2023\/03\/21\/palancas-negras-realizam-3o-treino-na-argelia-na-rota-do-can-da-cote-divoire\/\"\n\t\t\t\t\t\tdata-qtmplayer-icon=\"file_download\"\n\t\t\t\t\t\tdata-qtmplayer-type=\"track\"\n\t\t\t class=\"qtmplayer-play qtmplayer-link-sec qtmplayer-play-btn\"><i class='material-icons'>play_arrow<\/i><\/span>\n\t\t<p>\n\t\t\t<span class=\"qtmplayer-tit\">Palancas Negras realizam 3\u00ba treino na Arg\u00e9lia na rota do CAN da Cote d\u2019Ivoire<\/span>\n\t\t\t<span class=\"qtmplayer-art\">RNA<\/span>\n\t\t<\/p>\n\t<\/li>\n\t\t<\/ul>\n\t<\/div>\t\t\t\n\t\n<p>Lulas defesa central internacional angolano, n\u00e3o deixou de sublinhar a import\u00e2ncia do desafio em Kumasi. \u00a0Clique, no \u00e1udio abaixo, e ou\u00e7a:<\/p>\n\t<div class=\"qtmplayer-playlist-large\">\n\t\t<ul class=\"qtmplayer-playlist\">\n\t\t\t\n\t\t\t\t\t<li class=\"qtmplayer-trackitem\">\n\t\t<img src=\"https:\/\/rna.ao\/rna.ao\/wp-content\/uploads\/2023\/03\/pre_paracao_116934025262bb6d0b7088c-100x100.jpg\" alt=\"cover\">\t\t<span \t\t\tdata-qtmplayer-cover=\"https:\/\/rna.ao\/rna.ao\/wp-content\/uploads\/2023\/03\/pre_paracao_116934025262bb6d0b7088c.jpg\"\n\t\t\t\t\t\tdata-qtmplayer-file=\"https:\/\/rna.ao\/rna.ao\/wp-content\/uploads\/2023\/03\/P-J-2-LULAS-21-03-23.mp3\"\n\t\t\t\t\t\tdata-qtmplayer-title=\"Palancas Negras realizam 3\u00ba treino na Arg\u00e9lia na rota do CAN da Cote d\u2019Ivoire\"\n\t\t\t\t\t\tdata-qtmplayer-artist=\"RNA\"\n\t\t\t\t\t\tdata-qtmplayer-link=\"https:\/\/rna.ao\/rna.ao\/2023\/03\/21\/palancas-negras-realizam-3o-treino-na-argelia-na-rota-do-can-da-cote-divoire\/\"\n\t\t\t\t\t\tdata-qtmplayer-icon=\"file_download\"\n\t\t\t\t\t\tdata-qtmplayer-type=\"track\"\n\t\t\t class=\"qtmplayer-play qtmplayer-link-sec qtmplayer-play-btn\"><i class='material-icons'>play_arrow<\/i><\/span>\n\t\t<p>\n\t\t\t<span class=\"qtmplayer-tit\">Palancas Negras realizam 3\u00ba treino na Arg\u00e9lia na rota do CAN da Cote d\u2019Ivoire<\/span>\n\t\t\t<span class=\"qtmplayer-art\">RNA<\/span>\n\t\t<\/p>\n\t<\/li>\n\t\t<\/ul>\n\t<\/div>\t\t\t\n\t\n<p style=\"font-weight: 400;\">Para o mesmo grupo E, v\u00e3o jogar Madag\u00e1scar- Rep\u00fablica Centro Africana.\u00a0Entretanto, o \u00e1rbitro assistente angolano Gerson Emiliano no Congo pra o desafio Congo Brazzaville-Sud\u00e3o do Sul referente ao G de apuramento ao CAN ao\u00a0 da C\u00f4te d&#8217;Ivoire. Gerson Emiliano confirma a desloca\u00e7\u00e3o a Brazaville. Clique, no \u00e1udio abaixo, e ou\u00e7a:<\/p>\n\t<div class=\"qtmplayer-playlist-large\">\n\t\t<ul class=\"qtmplayer-playlist\">\n\t\t\t\n\t\t\t\t\t<li class=\"qtmplayer-trackitem\">\n\t\t<img src=\"https:\/\/rna.ao\/rna.ao\/wp-content\/uploads\/2023\/03\/pre_paracao_116934025262bb6d0b7088c-100x100.jpg\" alt=\"cover\">\t\t<span \t\t\tdata-qtmplayer-cover=\"https:\/\/rna.ao\/rna.ao\/wp-content\/uploads\/2023\/03\/pre_paracao_116934025262bb6d0b7088c.jpg\"\n\t\t\t\t\t\tdata-qtmplayer-file=\"https:\/\/rna.ao\/rna.ao\/wp-content\/uploads\/2023\/03\/P-J-3-GERSON-EMILIANO-21-03-23.mp3\"\n\t\t\t\t\t\tdata-qtmplayer-title=\"Palancas Negras realizam 3\u00ba treino na Arg\u00e9lia na rota do CAN da Cote d\u2019Ivoire\"\n\t\t\t\t\t\tdata-qtmplayer-artist=\"RNA\"\n\t\t\t\t\t\tdata-qtmplayer-link=\"https:\/\/rna.ao\/rna.ao\/2023\/03\/21\/palancas-negras-realizam-3o-treino-na-argelia-na-rota-do-can-da-cote-divoire\/\"\n\t\t\t\t\t\tdata-qtmplayer-icon=\"file_download\"\n\t\t\t\t\t\tdata-qtmplayer-type=\"track\"\n\t\t\t class=\"qtmplayer-play qtmplayer-link-sec qtmplayer-play-btn\"><i class='material-icons'>play_arrow<\/i><\/span>\n\t\t<p>\n\t\t\t<span class=\"qtmplayer-tit\">Palancas Negras realizam 3\u00ba treino na Arg\u00e9lia na rota do CAN da Cote d\u2019Ivoire<\/span>\n\t\t\t<span class=\"qtmplayer-art\">RNA<\/span>\n\t\t<\/p>\n\t<\/li>\n\t\t<\/ul>\n\t<\/div>\t\t\t\n\t\n","protected":false},"excerpt":{"rendered":"<p>A Selec\u00e7\u00e3o Nacional S\u00e9nior Masculina de Futebol realizam hoje, 21 de Mar\u00e7o, em solo argelino o terceiro treino \u00e0s 10 horas, a meio da tarde rumam a Kumasi. Na segunda-feira o treino bastante animado cingiu-se em trabalhar a circula\u00e7\u00e3o de bola e a explora\u00e7\u00e3o da profundidade, bem como estimular a ...<\/p>\n","protected":false},"author":8,"featured_media":96971,"comment_status":"closed","ping_status":"closed","sticky":false,"template":"","format":"standard","meta":[],"categories":[145,125,164],"tags":[],"_links":{"self":[{"href":"https:\/\/rna.ao\/rna.ao\/wp-json\/wp\/v2\/posts\/96963"}],"collection":[{"href":"https:\/\/rna.ao\/rna.ao\/wp-json\/wp\/v2\/posts"}],"about":[{"href":"https:\/\/rna.ao\/rna.ao\/wp-json\/wp\/v2\/types\/post"}],"author":[{"embeddable":true,"href":"https:\/\/rna.ao\/rna.ao\/wp-json\/wp\/v2\/users\/8"}],"replies":[{"embeddable":true,"href":"https:\/\/rna.ao\/rna.ao\/wp-json\/wp\/v2\/comments?post=96963"}],"version-history":[{"count":2,"href":"https:\/\/rna.ao\/rna.ao\/wp-json\/wp\/v2\/posts\/96963\/revisions"}],"predecessor-version":[{"id":96973,"href":"https:\/\/rna.ao\/rna.ao\/wp-json\/wp\/v2\/posts\/96963\/revisions\/96973"}],"wp:featuredmedia":[{"embeddable":true,"href":"https:\/\/rna.ao\/rna.ao\/wp-json\/wp\/v2\/media\/96971"}],"wp:attachment":[{"href":"https:\/\/rna.ao\/rna.ao\/wp-json\/wp\/v2\/media?parent=96963"}],"wp:term":[{"taxonomy":"category","embeddable":true,"href":"https:\/\/rna.ao\/rna.ao\/wp-json\/wp\/v2\/categories?post=96963"},{"taxonomy":"post_tag","embeddable":true,"href":"https:\/\/rna.ao\/rna.ao\/wp-json\/wp\/v2\/tags?post=96963"}],"curies":[{"name":"wp","href":"https:\/\/api.w.org\/{rel}","templated":true}]}}