{"id":96956,"date":"2023-03-21T08:07:14","date_gmt":"2023-03-21T07:07:14","guid":{"rendered":"https:\/\/rna.ao\/rna.ao\/?p=96956"},"modified":"2023-03-21T08:07:14","modified_gmt":"2023-03-21T07:07:14","slug":"academico-angolano-convidado-a-dissertar-na-universidade-de-oxford","status":"publish","type":"post","link":"https:\/\/rna.ao\/rna.ao\/2023\/03\/21\/academico-angolano-convidado-a-dissertar-na-universidade-de-oxford\/","title":{"rendered":"Acad\u00e9mico angolano convidado a dissertar na Universidade de Oxford"},"content":{"rendered":"<div class=\"x11i5rnm xat24cr x1mh8g0r x1vvkbs xtlvy1s x126k92a\">\n<div dir=\"auto\"><img loading=\"lazy\" class=\"wp-image-96957 alignleft\" src=\"https:\/\/rna.ao\/rna.ao\/wp-content\/uploads\/2023\/03\/337229223_1048387652814250_8461105668634868861_n.jpg\" alt=\"\" width=\"275\" height=\"275\" srcset=\"https:\/\/rna.ao\/rna.ao\/wp-content\/uploads\/2023\/03\/337229223_1048387652814250_8461105668634868861_n.jpg 526w, https:\/\/rna.ao\/rna.ao\/wp-content\/uploads\/2023\/03\/337229223_1048387652814250_8461105668634868861_n-150x150.jpg 150w, https:\/\/rna.ao\/rna.ao\/wp-content\/uploads\/2023\/03\/337229223_1048387652814250_8461105668634868861_n-100x100.jpg 100w, https:\/\/rna.ao\/rna.ao\/wp-content\/uploads\/2023\/03\/337229223_1048387652814250_8461105668634868861_n-370x370.jpg 370w\" sizes=\"(max-width: 275px) 100vw, 275px\" \/>O reverendo e acad\u00e9mico angolano Paulo Carvalho anunciou nesta segunda-feira, que \u00e9 o \u00fanico africano entre os cientistas sociais e l\u00edderes eclesi\u00e1sticos mundiais, composto por 42 membros Delegados de v\u00e1rias partes do mundo que ir\u00e3o leccionar esta semana na conceituada Universidade de Oxford, na Inglaterra.<\/div>\n<div dir=\"auto\"><\/div>\n<\/div>\n<div class=\"x11i5rnm xat24cr x1mh8g0r x1vvkbs xtlvy1s x126k92a\">\n<div dir=\"auto\">\u00abHoje ser\u00e1 o meu dia de leccionar nesta magna sala, fundada em 1789, orai por mim. Irei leccionar sobre o \u2018Nacionalismo Crist\u00e3o Racializado e as suas Amea\u00e7as contra Lideran\u00e7a futura\u2019, a posterior iremos elaborar um relat\u00f3rio com recomenda\u00e7\u00f5es que ser\u00e1 submetido para consulta da Uni\u00e3o Europeia (EU), Casa Branca, e Na\u00e7\u00f5es Unidas (ONU), conforme foi estipulado no objectivo deste magno evento. Meu artigo nesta tem\u00e1tica ser\u00e1 publicado a posterior pela Universidade da Oxford\u00bb, escreveu.<\/div>\n<div dir=\"auto\"><\/div>\n<\/div>\n<div class=\"x11i5rnm xat24cr x1mh8g0r x1vvkbs xtlvy1s x126k92a\">\n<div dir=\"auto\">Refira-se que a Universidade de Oxford, segundo o Ranking Mundial, foi classificada como a 5.\u00aa melhor Universidade do Mundo, segundo o Best Global Universities Rankings de 2022-2023, uma organiza\u00e7\u00e3o que classifica as Universidades Mundiais com base em v\u00e1rios crit\u00e9rios de selec\u00e7\u00e3o.<\/div>\n<\/div>\n<div class=\"x11i5rnm xat24cr x1mh8g0r x1vvkbs xtlvy1s x126k92a\">\n<div dir=\"auto\">O acad\u00e9mico angolano, vai dissertar num col\u00f3quio na Universidade de Oxford, na Inglaterra, uma das melhores do mundo. Paulo Carvalho \u00e9 o \u00fanico africano convidado a participar de um col\u00f3quio sobre lideres sociais.<\/div>\n<\/div>\n","protected":false},"excerpt":{"rendered":"<p>O reverendo e acad\u00e9mico angolano Paulo Carvalho anunciou nesta segunda-feira, que \u00e9 o \u00fanico africano entre os cientistas sociais e l\u00edderes eclesi\u00e1sticos mundiais, composto por 42 membros Delegados de v\u00e1rias partes do mundo que ir\u00e3o leccionar esta semana na conceituada Universidade de Oxford, na Inglaterra. \u00abHoje ser\u00e1 o meu dia ...<\/p>\n","protected":false},"author":8,"featured_media":96957,"comment_status":"closed","ping_status":"closed","sticky":false,"template":"","format":"standard","meta":[],"categories":[164,163],"tags":[],"_links":{"self":[{"href":"https:\/\/rna.ao\/rna.ao\/wp-json\/wp\/v2\/posts\/96956"}],"collection":[{"href":"https:\/\/rna.ao\/rna.ao\/wp-json\/wp\/v2\/posts"}],"about":[{"href":"https:\/\/rna.ao\/rna.ao\/wp-json\/wp\/v2\/types\/post"}],"author":[{"embeddable":true,"href":"https:\/\/rna.ao\/rna.ao\/wp-json\/wp\/v2\/users\/8"}],"replies":[{"embeddable":true,"href":"https:\/\/rna.ao\/rna.ao\/wp-json\/wp\/v2\/comments?post=96956"}],"version-history":[{"count":1,"href":"https:\/\/rna.ao\/rna.ao\/wp-json\/wp\/v2\/posts\/96956\/revisions"}],"predecessor-version":[{"id":96959,"href":"https:\/\/rna.ao\/rna.ao\/wp-json\/wp\/v2\/posts\/96956\/revisions\/96959"}],"wp:featuredmedia":[{"embeddable":true,"href":"https:\/\/rna.ao\/rna.ao\/wp-json\/wp\/v2\/media\/96957"}],"wp:attachment":[{"href":"https:\/\/rna.ao\/rna.ao\/wp-json\/wp\/v2\/media?parent=96956"}],"wp:term":[{"taxonomy":"category","embeddable":true,"href":"https:\/\/rna.ao\/rna.ao\/wp-json\/wp\/v2\/categories?post=96956"},{"taxonomy":"post_tag","embeddable":true,"href":"https:\/\/rna.ao\/rna.ao\/wp-json\/wp\/v2\/tags?post=96956"}],"curies":[{"name":"wp","href":"https:\/\/api.w.org\/{rel}","templated":true}]}}