{"id":96947,"date":"2023-03-21T07:58:53","date_gmt":"2023-03-21T06:58:53","guid":{"rendered":"https:\/\/rna.ao\/rna.ao\/?p=96947"},"modified":"2023-03-21T07:58:53","modified_gmt":"2023-03-21T06:58:53","slug":"nelson-da-luz-e-traido-pelo-engarrafamento-e-falha-duplo-compromisso-dos-palancas-negras","status":"publish","type":"post","link":"https:\/\/rna.ao\/rna.ao\/2023\/03\/21\/nelson-da-luz-e-traido-pelo-engarrafamento-e-falha-duplo-compromisso-dos-palancas-negras\/","title":{"rendered":"Nelson da Luz \u00e9 tra\u00eddo pelo \u00abengarrafamento\u00bb e falha duplo compromisso dos Palancas Negras"},"content":{"rendered":"<div dir=\"auto\"><img loading=\"lazy\" class=\"wp-image-96949 alignleft\" src=\"https:\/\/rna.ao\/rna.ao\/wp-content\/uploads\/2023\/03\/NELSON-DA-LUZ.jpg\" alt=\"\" width=\"332\" height=\"187\" \/>O extremo Nelson da Luz, vai falhar o duplo compromisso dos Palancas Negras, diante do Gana, na corrida ao CAN do pr\u00f3ximo ano, na C\u00f4te D\u00b4Ivoire.\u00a0 Nelson da Luz, ter\u00e1 ficado retido no tr\u00e2nsito de uma das auto-estradas da Capital Portuguesa, obstru\u00edda depois de um acidente, tendo perdido o voo para Angola. Situa\u00e7\u00e3o que de acordo com o Jornal Record, foi informada \u00e0 Federa\u00e7\u00e3o Angolana de Futebol, que por sua vez recusou-se a providenciar nova viajem para o extremo do Vit\u00f3ria Sport Clube de Guimar\u00e3es.<\/div>\n<div dir=\"auto\"><\/div>\n<div dir=\"auto\">Nelson da Luz, junta-se aos indispon\u00edveis, Zito Luvumbo e N\u00fario Fortuna, sendo que para colmatar as aus\u00eancias, o seleccionador Nacional, Pedro Gon\u00e7alves, chamou os atletas T\u00f3 Carneiro e Geraldo.<\/div>\n<div dir=\"auto\">Na presente temporada, Nelson da Luz realizou 23 partidas na liga portuguesa, tendo marcado 3 golos pelos Conquistadores.<\/div>\n<div dir=\"auto\"><\/div>\n<div dir=\"auto\">Os Palancas Negras medem for\u00e7as diante dos Black Stars, dia 23 em Kumasi e dia 27 em Luanda, para a dupla jornada do grupo E da corrida ao CAN 2023 na C\u00f4te D\u00b4Ivoire. Angola e Gana lideram o grupo com 4 pontos cada.<\/div>\n","protected":false},"excerpt":{"rendered":"<p>O extremo Nelson da Luz, vai falhar o duplo compromisso dos Palancas Negras, diante do Gana, na corrida ao CAN do pr\u00f3ximo ano, na C\u00f4te D\u00b4Ivoire.\u00a0 Nelson da Luz, ter\u00e1 ficado retido no tr\u00e2nsito de uma das auto-estradas da Capital Portuguesa, obstru\u00edda depois de um acidente, tendo perdido o voo ...<\/p>\n","protected":false},"author":8,"featured_media":96949,"comment_status":"closed","ping_status":"closed","sticky":false,"template":"","format":"standard","meta":[],"categories":[145,125,164],"tags":[],"_links":{"self":[{"href":"https:\/\/rna.ao\/rna.ao\/wp-json\/wp\/v2\/posts\/96947"}],"collection":[{"href":"https:\/\/rna.ao\/rna.ao\/wp-json\/wp\/v2\/posts"}],"about":[{"href":"https:\/\/rna.ao\/rna.ao\/wp-json\/wp\/v2\/types\/post"}],"author":[{"embeddable":true,"href":"https:\/\/rna.ao\/rna.ao\/wp-json\/wp\/v2\/users\/8"}],"replies":[{"embeddable":true,"href":"https:\/\/rna.ao\/rna.ao\/wp-json\/wp\/v2\/comments?post=96947"}],"version-history":[{"count":2,"href":"https:\/\/rna.ao\/rna.ao\/wp-json\/wp\/v2\/posts\/96947\/revisions"}],"predecessor-version":[{"id":96951,"href":"https:\/\/rna.ao\/rna.ao\/wp-json\/wp\/v2\/posts\/96947\/revisions\/96951"}],"wp:featuredmedia":[{"embeddable":true,"href":"https:\/\/rna.ao\/rna.ao\/wp-json\/wp\/v2\/media\/96949"}],"wp:attachment":[{"href":"https:\/\/rna.ao\/rna.ao\/wp-json\/wp\/v2\/media?parent=96947"}],"wp:term":[{"taxonomy":"category","embeddable":true,"href":"https:\/\/rna.ao\/rna.ao\/wp-json\/wp\/v2\/categories?post=96947"},{"taxonomy":"post_tag","embeddable":true,"href":"https:\/\/rna.ao\/rna.ao\/wp-json\/wp\/v2\/tags?post=96947"}],"curies":[{"name":"wp","href":"https:\/\/api.w.org\/{rel}","templated":true}]}}