{"id":96939,"date":"2023-03-21T07:52:31","date_gmt":"2023-03-21T06:52:31","guid":{"rendered":"https:\/\/rna.ao\/rna.ao\/?p=96939"},"modified":"2023-03-21T07:52:31","modified_gmt":"2023-03-21T06:52:31","slug":"governo-de-cabinda-vai-levar-a-consulta-publica-proposta-de-plano-director-de-quatro-municipios","status":"publish","type":"post","link":"https:\/\/rna.ao\/rna.ao\/2023\/03\/21\/governo-de-cabinda-vai-levar-a-consulta-publica-proposta-de-plano-director-de-quatro-municipios\/","title":{"rendered":"Governo de Cabinda vai levar a consulta p\u00fablica proposta de plano director de quatro munic\u00edpios"},"content":{"rendered":"<p><img loading=\"lazy\" class=\"wp-image-96944 alignleft\" src=\"https:\/\/rna.ao\/rna.ao\/wp-content\/uploads\/2023\/03\/cms-image-000038597-770x433.jpg\" alt=\"\" width=\"398\" height=\"224\" srcset=\"https:\/\/rna.ao\/rna.ao\/wp-content\/uploads\/2023\/03\/cms-image-000038597-770x433.jpg 770w, https:\/\/rna.ao\/rna.ao\/wp-content\/uploads\/2023\/03\/cms-image-000038597-768x432.jpg 768w, https:\/\/rna.ao\/rna.ao\/wp-content\/uploads\/2023\/03\/cms-image-000038597.jpg 1024w\" sizes=\"(max-width: 398px) 100vw, 398px\" \/>O Governo da Prov\u00edncia de Cabinda vai levar a consulta p\u00fablica as proposta de plano directores elaborados pelas administra\u00e7\u00f5es dos quatro Munic\u00edpios da Prov\u00edncia. De acordo com o vice-governador para \u00c1rea T\u00e9cnica e Infraestruturas, Agostinho da Silva, o projecto vai permitir a recupera\u00e7\u00e3o e constru\u00e7\u00e3o de novas infraestruturas nos munic\u00edpios.\u00a0Clique, no \u00e1udio abaixo, e ou\u00e7a o desenvolvimento desta mat\u00e9ria na reportagem do Domingos Tiago:<\/p>\n\t<div class=\"qtmplayer-playlist-large\">\n\t\t<ul class=\"qtmplayer-playlist\">\n\t\t\t\n\t\t\t\t\t<li class=\"qtmplayer-trackitem\">\n\t\t<img src=\"https:\/\/rna.ao\/rna.ao\/wp-content\/uploads\/2023\/03\/A8D4482B-8CC9-4C40-9C72-EC1BFD2619DB_w1080_h608-100x100.jpg\" alt=\"cover\">\t\t<span \t\t\tdata-qtmplayer-cover=\"https:\/\/rna.ao\/rna.ao\/wp-content\/uploads\/2023\/03\/A8D4482B-8CC9-4C40-9C72-EC1BFD2619DB_w1080_h608-370x370.jpg\"\n\t\t\t\t\t\tdata-qtmplayer-file=\"https:\/\/rna.ao\/rna.ao\/wp-content\/uploads\/2023\/03\/CABINDA-PLANO-DIRCTOR-07-HRS.mp3\"\n\t\t\t\t\t\tdata-qtmplayer-title=\"Governo de Cabinda vai levar a consulta p\u00fablica proposta de plano director de quatro munic\u00edpios\"\n\t\t\t\t\t\tdata-qtmplayer-artist=\"RNA\"\n\t\t\t\t\t\tdata-qtmplayer-link=\"https:\/\/rna.ao\/rna.ao\/2023\/03\/21\/governo-de-cabinda-vai-levar-a-consulta-publica-proposta-de-plano-director-de-quatro-municipios\/\"\n\t\t\t\t\t\tdata-qtmplayer-icon=\"file_download\"\n\t\t\t\t\t\tdata-qtmplayer-type=\"track\"\n\t\t\t class=\"qtmplayer-play qtmplayer-link-sec qtmplayer-play-btn\"><i class='material-icons'>play_arrow<\/i><\/span>\n\t\t<p>\n\t\t\t<span class=\"qtmplayer-tit\">Governo de Cabinda vai levar a consulta p\u00fablica proposta de plano director de quatro munic\u00edpios<\/span>\n\t\t\t<span class=\"qtmplayer-art\">RNA<\/span>\n\t\t<\/p>\n\t<\/li>\n\t\t<\/ul>\n\t<\/div>\t\t\t\n\t\n","protected":false},"excerpt":{"rendered":"<p>O Governo da Prov\u00edncia de Cabinda vai levar a consulta p\u00fablica as proposta de plano directores elaborados pelas administra\u00e7\u00f5es dos quatro Munic\u00edpios da Prov\u00edncia. De acordo com o vice-governador para \u00c1rea T\u00e9cnica e Infraestruturas, Agostinho da Silva, o projecto vai permitir a recupera\u00e7\u00e3o e constru\u00e7\u00e3o de novas infraestruturas nos munic\u00edpios.\u00a0Clique, ...<\/p>\n","protected":false},"author":8,"featured_media":96945,"comment_status":"closed","ping_status":"closed","sticky":false,"template":"","format":"standard","meta":[],"categories":[142,121,163],"tags":[],"_links":{"self":[{"href":"https:\/\/rna.ao\/rna.ao\/wp-json\/wp\/v2\/posts\/96939"}],"collection":[{"href":"https:\/\/rna.ao\/rna.ao\/wp-json\/wp\/v2\/posts"}],"about":[{"href":"https:\/\/rna.ao\/rna.ao\/wp-json\/wp\/v2\/types\/post"}],"author":[{"embeddable":true,"href":"https:\/\/rna.ao\/rna.ao\/wp-json\/wp\/v2\/users\/8"}],"replies":[{"embeddable":true,"href":"https:\/\/rna.ao\/rna.ao\/wp-json\/wp\/v2\/comments?post=96939"}],"version-history":[{"count":1,"href":"https:\/\/rna.ao\/rna.ao\/wp-json\/wp\/v2\/posts\/96939\/revisions"}],"predecessor-version":[{"id":96946,"href":"https:\/\/rna.ao\/rna.ao\/wp-json\/wp\/v2\/posts\/96939\/revisions\/96946"}],"wp:featuredmedia":[{"embeddable":true,"href":"https:\/\/rna.ao\/rna.ao\/wp-json\/wp\/v2\/media\/96945"}],"wp:attachment":[{"href":"https:\/\/rna.ao\/rna.ao\/wp-json\/wp\/v2\/media?parent=96939"}],"wp:term":[{"taxonomy":"category","embeddable":true,"href":"https:\/\/rna.ao\/rna.ao\/wp-json\/wp\/v2\/categories?post=96939"},{"taxonomy":"post_tag","embeddable":true,"href":"https:\/\/rna.ao\/rna.ao\/wp-json\/wp\/v2\/tags?post=96939"}],"curies":[{"name":"wp","href":"https:\/\/api.w.org\/{rel}","templated":true}]}}