{"id":96907,"date":"2023-03-21T06:34:29","date_gmt":"2023-03-21T05:34:29","guid":{"rendered":"https:\/\/rna.ao\/rna.ao\/?p=96907"},"modified":"2023-03-21T06:34:29","modified_gmt":"2023-03-21T05:34:29","slug":"ministerio-da-cultura-e-turismo-promove-debate-com-os-operadores-de-restauracao-e-similares-no-ambito-do-simplifica-2-0","status":"publish","type":"post","link":"https:\/\/rna.ao\/rna.ao\/2023\/03\/21\/ministerio-da-cultura-e-turismo-promove-debate-com-os-operadores-de-restauracao-e-similares-no-ambito-do-simplifica-2-0\/","title":{"rendered":"Minist\u00e9rio da Cultura e Turismo promove debate com os operadores de restaura\u00e7\u00e3o e similares no \u00e2mbito do simplifica 2.0"},"content":{"rendered":"<p><img loading=\"lazy\" class=\"wp-image-96910 alignleft\" src=\"https:\/\/rna.ao\/rna.ao\/wp-content\/uploads\/2023\/03\/Zahira-Assuncao.jpg\" alt=\"\" width=\"356\" height=\"204\" \/>Minist\u00e9rio da Cultura e Turismo, em parceria com a Casa Civil do Presidente da Rep\u00fablica, v\u00e3o nesta ter\u00e7a-feira, 21 de Mar\u00e7o, promover um debate com os operadores da restaura\u00e7\u00e3o e similares. Em debate est\u00e3o as compet\u00eancias das administra\u00e7\u00f5es municipais, no exerc\u00edcio desta cadeia de actividade, que antes era conferidas ao Governo Central e Provinciais. Segundo a Directora Nacional de Qualifica\u00e7\u00e3o e Licenciamento do Minist\u00e9rio da Cultura e Turismo, Zahira Assun\u00e7\u00e3o, os debates v\u00e3o girar a voltar do Decreto Presidencial sobre a actividade da restaura\u00e7\u00e3o e similares associado ao simplifica 2.0. Clique, no \u00e1udio abaixo, e ou\u00e7a:<\/p>\n\t<div class=\"qtmplayer-playlist-large\">\n\t\t<ul class=\"qtmplayer-playlist\">\n\t\t\t\n\t\t\t\t\t<li class=\"qtmplayer-trackitem\">\n\t\t<img src=\"https:\/\/rna.ao\/rna.ao\/wp-content\/uploads\/2023\/03\/839b7d5960309648a62d24edd57dee27-100x100.png\" alt=\"cover\">\t\t<span \t\t\tdata-qtmplayer-cover=\"https:\/\/rna.ao\/rna.ao\/wp-content\/uploads\/2023\/03\/839b7d5960309648a62d24edd57dee27-370x370.png\"\n\t\t\t\t\t\tdata-qtmplayer-file=\"https:\/\/rna.ao\/rna.ao\/wp-content\/uploads\/2023\/03\/ZAHIRA-ASSNCAO-06HS.mp3\"\n\t\t\t\t\t\tdata-qtmplayer-title=\"Minist\u00e9rio da Cultura e Turismo promove debate com os operadores de restaura\u00e7\u00e3o e similares no \u00e2mbito do simplifica 2.0\"\n\t\t\t\t\t\tdata-qtmplayer-artist=\"RNA\"\n\t\t\t\t\t\tdata-qtmplayer-link=\"https:\/\/rna.ao\/rna.ao\/2023\/03\/21\/ministerio-da-cultura-e-turismo-promove-debate-com-os-operadores-de-restauracao-e-similares-no-ambito-do-simplifica-2-0\/\"\n\t\t\t\t\t\tdata-qtmplayer-icon=\"file_download\"\n\t\t\t\t\t\tdata-qtmplayer-type=\"track\"\n\t\t\t class=\"qtmplayer-play qtmplayer-link-sec qtmplayer-play-btn\"><i class='material-icons'>play_arrow<\/i><\/span>\n\t\t<p>\n\t\t\t<span class=\"qtmplayer-tit\">Minist\u00e9rio da Cultura e Turismo promove debate com os operadores de restaura\u00e7\u00e3o e similares no \u00e2mbito do simplifica 2.0<\/span>\n\t\t\t<span class=\"qtmplayer-art\">RNA<\/span>\n\t\t<\/p>\n\t<\/li>\n\t\t<\/ul>\n\t<\/div>\t\t\t\n\t\n","protected":false},"excerpt":{"rendered":"<p>Minist\u00e9rio da Cultura e Turismo, em parceria com a Casa Civil do Presidente da Rep\u00fablica, v\u00e3o nesta ter\u00e7a-feira, 21 de Mar\u00e7o, promover um debate com os operadores da restaura\u00e7\u00e3o e similares. Em debate est\u00e3o as compet\u00eancias das administra\u00e7\u00f5es municipais, no exerc\u00edcio desta cadeia de actividade, que antes era conferidas ao ...<\/p>\n","protected":false},"author":8,"featured_media":96909,"comment_status":"closed","ping_status":"closed","sticky":false,"template":"","format":"standard","meta":[],"categories":[164,163],"tags":[],"_links":{"self":[{"href":"https:\/\/rna.ao\/rna.ao\/wp-json\/wp\/v2\/posts\/96907"}],"collection":[{"href":"https:\/\/rna.ao\/rna.ao\/wp-json\/wp\/v2\/posts"}],"about":[{"href":"https:\/\/rna.ao\/rna.ao\/wp-json\/wp\/v2\/types\/post"}],"author":[{"embeddable":true,"href":"https:\/\/rna.ao\/rna.ao\/wp-json\/wp\/v2\/users\/8"}],"replies":[{"embeddable":true,"href":"https:\/\/rna.ao\/rna.ao\/wp-json\/wp\/v2\/comments?post=96907"}],"version-history":[{"count":1,"href":"https:\/\/rna.ao\/rna.ao\/wp-json\/wp\/v2\/posts\/96907\/revisions"}],"predecessor-version":[{"id":96911,"href":"https:\/\/rna.ao\/rna.ao\/wp-json\/wp\/v2\/posts\/96907\/revisions\/96911"}],"wp:featuredmedia":[{"embeddable":true,"href":"https:\/\/rna.ao\/rna.ao\/wp-json\/wp\/v2\/media\/96909"}],"wp:attachment":[{"href":"https:\/\/rna.ao\/rna.ao\/wp-json\/wp\/v2\/media?parent=96907"}],"wp:term":[{"taxonomy":"category","embeddable":true,"href":"https:\/\/rna.ao\/rna.ao\/wp-json\/wp\/v2\/categories?post=96907"},{"taxonomy":"post_tag","embeddable":true,"href":"https:\/\/rna.ao\/rna.ao\/wp-json\/wp\/v2\/tags?post=96907"}],"curies":[{"name":"wp","href":"https:\/\/api.w.org\/{rel}","templated":true}]}}