{"id":96899,"date":"2023-03-20T17:43:50","date_gmt":"2023-03-20T16:43:50","guid":{"rendered":"https:\/\/rna.ao\/rna.ao\/?p=96899"},"modified":"2023-03-20T17:43:50","modified_gmt":"2023-03-20T16:43:50","slug":"lider-de-esquerda-radical-na-africa-do-sul-diz-que-paralisacao-do-pais-foi-um-sucesso","status":"publish","type":"post","link":"https:\/\/rna.ao\/rna.ao\/2023\/03\/20\/lider-de-esquerda-radical-na-africa-do-sul-diz-que-paralisacao-do-pais-foi-um-sucesso\/","title":{"rendered":"L\u00edder de esquerda radical na \u00c1frica do Sul diz que paralisa\u00e7\u00e3o do pa\u00eds foi um &#8220;sucesso&#8221;"},"content":{"rendered":"<div class=\"mx-3 mx-md-5 article-text margin-top-30\">\n<p class=\"article-lead\"><img loading=\"lazy\" class=\"alignnone size-full wp-image-96900\" src=\"https:\/\/rna.ao\/rna.ao\/wp-content\/uploads\/2023\/03\/6D20631E-88A0-44BF-83AB-4621AC24A792.jpeg\" alt=\"\" width=\"640\" height=\"360\" \/><br \/>\nO l\u00edder do partido de esquerda radical Combatentes da Liberdade Econ\u00f3mica (EFF), na oposi\u00e7\u00e3o na \u00c1frica do Sul, considerou hoje em Pret\u00f3ria que a paralisa\u00e7\u00e3o da economia mais desenvolvida do continente foi um &#8220;sucesso&#8221;.<\/p>\n<\/div>\n<div class=\"hidden-content relative\">\n<div class=\"mx-3 mx-md-5 article-text\">\n<section class=\"article-body\">&#8220;Hoje, n\u00e3o h\u00e1 lojas, f\u00e1bricas, e escolas abertas, est\u00e3o todas encerradas&#8221;, declarou Julius Malema, na capital sul-africana, Pret\u00f3ria, onde o Governo refor\u00e7ou a seguran\u00e7a do pal\u00e1cio presidencial com o ex\u00e9rcito e a pol\u00edcia em antecipa\u00e7\u00e3o aos protestos.<\/p>\n<p>&#8220;Hoje, a \u00c1frica do Sul est\u00e1 paralisada&#8221;, sublinhou Malema.<\/p>\n<p>O pol\u00edtico sul-africano falava na Church Square (Pra\u00e7a da Igreja), junto \u00e0 est\u00e1tua do antigo presidente Paul Kruger, no centro hist\u00f3rico da capital sul-africana, antes de avan\u00e7ar para o Union Buildings, sede do poder no pa\u00eds, acrescentando que &#8220;n\u00e3o ser\u00e1 entregue um memorando&#8221; ao Governo sul-africano.<\/p>\n<p>&#8220;Esta \u00e9 a paralisa\u00e7\u00e3o mais bem-sucedida da hist\u00f3ria das lutas [de liberta\u00e7\u00e3o no pa\u00eds]&#8221;, vincou o l\u00edder das &#8220;boinas vermelhas&#8221;, como s\u00e3o conhecidos localmente os membros desta for\u00e7a pol\u00edtica, que desde a semana passada colocou o pa\u00eds em &#8220;alerta m\u00e1ximo&#8221;.<\/p>\n<p>Os partidos pol\u00edticos Congresso Pan-Africanista da Azania (PAC); Movimento de Transforma\u00e7\u00e3o Africana (ATM); o movimento Alian\u00e7a da Transforma\u00e7\u00e3o Econ\u00f3mica Radical Africana (ARETA), do ex-membro expulso do ANC Carl Niehaus, e a Federa\u00e7\u00e3o dos Sindicatos da \u00c1frica do Sul (SAFTU), s\u00e3o algumas das organiza\u00e7\u00f5es que se juntaram aos protestos da esquerda radical sul-africana.<\/p>\n<p>Pelo menos 3.400 militares do ex\u00e9rcito sul-africano (SANDF, na sigla em ingl\u00eas) foram destacados desde domingo para apoiar a pol\u00edcia perante os protestos de hoje convocados por Julius Malema, ex-l\u00edder da Juventude do ANC (Congresso Nacional Africano, no poder), entre 2008 e 2012.<\/p>\n<p>O l\u00edder do partido EFF, a terceira principal for\u00e7a pol\u00edtica no pa\u00eds, convocou os protestos contra os &#8220;cortes de eletricidade regulares&#8221; e uma economia em &#8220;colapso&#8221;, pedindo ainda a ren\u00fancia do Presidente, Cyril Ramaphosa, que \u00e9 tamb\u00e9m presidente do ANC, no poder desde 1994 no pa\u00eds.<\/p>\n<p>A concession\u00e1ria de eletricidade sul-africana, a endividada Eskom, anunciou o cancelamento dos cortes regulares de eletricidade no pa\u00eds at\u00e9 ao final do dia hoje.<\/p>\n<p>Pelo menos 87 pessoas foram presas na manh\u00e3 de hoje na \u00c1frica do Sul por a\u00e7\u00f5es de viol\u00eancia p\u00fablica relacionada com os protestos convocados por Julius Malema, anunciou a pol\u00edcia sul-africana.<\/p>\n<\/section>\n<\/div>\n<\/div>\n","protected":false},"excerpt":{"rendered":"<p>O l\u00edder do partido de esquerda radical Combatentes da Liberdade Econ\u00f3mica (EFF), na oposi\u00e7\u00e3o na \u00c1frica do Sul, considerou hoje em Pret\u00f3ria que a paralisa\u00e7\u00e3o da economia mais desenvolvida do continente foi um &#8220;sucesso&#8221;. &#8220;Hoje, n\u00e3o h\u00e1 lojas, f\u00e1bricas, e escolas abertas, est\u00e3o todas encerradas&#8221;, declarou Julius Malema, na capital ...<\/p>\n","protected":false},"author":10,"featured_media":96900,"comment_status":"closed","ping_status":"closed","sticky":false,"template":"","format":"standard","meta":[],"categories":[142,121,163],"tags":[],"_links":{"self":[{"href":"https:\/\/rna.ao\/rna.ao\/wp-json\/wp\/v2\/posts\/96899"}],"collection":[{"href":"https:\/\/rna.ao\/rna.ao\/wp-json\/wp\/v2\/posts"}],"about":[{"href":"https:\/\/rna.ao\/rna.ao\/wp-json\/wp\/v2\/types\/post"}],"author":[{"embeddable":true,"href":"https:\/\/rna.ao\/rna.ao\/wp-json\/wp\/v2\/users\/10"}],"replies":[{"embeddable":true,"href":"https:\/\/rna.ao\/rna.ao\/wp-json\/wp\/v2\/comments?post=96899"}],"version-history":[{"count":1,"href":"https:\/\/rna.ao\/rna.ao\/wp-json\/wp\/v2\/posts\/96899\/revisions"}],"predecessor-version":[{"id":96901,"href":"https:\/\/rna.ao\/rna.ao\/wp-json\/wp\/v2\/posts\/96899\/revisions\/96901"}],"wp:featuredmedia":[{"embeddable":true,"href":"https:\/\/rna.ao\/rna.ao\/wp-json\/wp\/v2\/media\/96900"}],"wp:attachment":[{"href":"https:\/\/rna.ao\/rna.ao\/wp-json\/wp\/v2\/media?parent=96899"}],"wp:term":[{"taxonomy":"category","embeddable":true,"href":"https:\/\/rna.ao\/rna.ao\/wp-json\/wp\/v2\/categories?post=96899"},{"taxonomy":"post_tag","embeddable":true,"href":"https:\/\/rna.ao\/rna.ao\/wp-json\/wp\/v2\/tags?post=96899"}],"curies":[{"name":"wp","href":"https:\/\/api.w.org\/{rel}","templated":true}]}}