{"id":96854,"date":"2023-03-20T09:07:07","date_gmt":"2023-03-20T08:07:07","guid":{"rendered":"https:\/\/rna.ao\/rna.ao\/?p=96854"},"modified":"2023-03-20T09:09:56","modified_gmt":"2023-03-20T08:09:56","slug":"agencia-nacional-de-petroleo-e-gas-diz-que-esta-estabilizada-a-producao-petrolifera-nacional","status":"publish","type":"post","link":"https:\/\/rna.ao\/rna.ao\/2023\/03\/20\/agencia-nacional-de-petroleo-e-gas-diz-que-esta-estabilizada-a-producao-petrolifera-nacional\/","title":{"rendered":"Ag\u00eancia Nacional de Petr\u00f3leo e G\u00e1s diz que est\u00e1 estabilizada a produ\u00e7\u00e3o petrol\u00edfera nacional\u00a0"},"content":{"rendered":"<p><img loading=\"lazy\" class=\"alignnone wp-image-96858\" src=\"https:\/\/rna.ao\/rna.ao\/wp-content\/uploads\/2023\/03\/petroleo-producao-770x433.jpg\" alt=\"\" width=\"473\" height=\"266\" srcset=\"https:\/\/rna.ao\/rna.ao\/wp-content\/uploads\/2023\/03\/petroleo-producao-770x433.jpg 770w, https:\/\/rna.ao\/rna.ao\/wp-content\/uploads\/2023\/03\/petroleo-producao-1170x658.jpg 1170w, https:\/\/rna.ao\/rna.ao\/wp-content\/uploads\/2023\/03\/petroleo-producao-768x432.jpg 768w, https:\/\/rna.ao\/rna.ao\/wp-content\/uploads\/2023\/03\/petroleo-producao-1536x864.jpg 1536w, https:\/\/rna.ao\/rna.ao\/wp-content\/uploads\/2023\/03\/petroleo-producao.jpg 1920w\" sizes=\"(max-width: 473px) 100vw, 473px\" \/><\/p>\n<p>A produ\u00e7\u00e3o petrol\u00edfera nacional j\u00e1 atingiu uma certa estabiliza\u00e7\u00e3o, fruto de alguns investimentos feitos no sector.<\/p>\n<p>H\u00e1 j\u00e1 algumas anos que a nossa produ\u00e7\u00e3o de petr\u00f3leo, anda em decl\u00ednio, por falta de novos investimentos o que levou a redu\u00e7\u00e3o na produ\u00e7\u00e3o de pouco mais\u00a0 de dois milh\u00f5es de\u00a0 barris de petr\u00f3leo di\u00e1rios para 1,1 milh\u00f5es de barris. Jornalista Rom\u00e3o Ferreira. Clique no \u00e1udio abaixo e ou\u00e7a<\/p>\n\t<div class=\"qtmplayer-playlist-large\">\n\t\t<ul class=\"qtmplayer-playlist\">\n\t\t\t\n\t\t\t\t\t<li class=\"qtmplayer-trackitem\">\n\t\t<img src=\"https:\/\/rna.ao\/rna.ao\/wp-content\/uploads\/2023\/03\/petroleo-producao-100x100.jpg\" alt=\"cover\">\t\t<span \t\t\tdata-qtmplayer-cover=\"https:\/\/rna.ao\/rna.ao\/wp-content\/uploads\/2023\/03\/petroleo-producao-370x370.jpg\"\n\t\t\t\t\t\tdata-qtmplayer-file=\"https:\/\/rna.ao\/rna.ao\/wp-content\/uploads\/2023\/03\/ROMAO-FERREIRA-7HRS.mp3\"\n\t\t\t\t\t\tdata-qtmplayer-title=\"Ag\u00eancia Nacional de Petr\u00f3leo e G\u00e1s diz que est\u00e1 estabilizada a produ\u00e7\u00e3o petrol\u00edfera nacional\u00a0\"\n\t\t\t\t\t\tdata-qtmplayer-artist=\"Carla\"\n\t\t\t\t\t\tdata-qtmplayer-link=\"https:\/\/rna.ao\/rna.ao\/2023\/03\/20\/agencia-nacional-de-petroleo-e-gas-diz-que-esta-estabilizada-a-producao-petrolifera-nacional\/\"\n\t\t\t\t\t\tdata-qtmplayer-icon=\"file_download\"\n\t\t\t\t\t\tdata-qtmplayer-type=\"track\"\n\t\t\t class=\"qtmplayer-play qtmplayer-link-sec qtmplayer-play-btn\"><i class='material-icons'>play_arrow<\/i><\/span>\n\t\t<p>\n\t\t\t<span class=\"qtmplayer-tit\">Ag\u00eancia Nacional de Petr\u00f3leo e G\u00e1s diz que est\u00e1 estabilizada a produ\u00e7\u00e3o petrol\u00edfera nacional\u00a0<\/span>\n\t\t\t<span class=\"qtmplayer-art\">Carla<\/span>\n\t\t<\/p>\n\t<\/li>\n\t\t<\/ul>\n\t<\/div>\t\t\t\n\t\n","protected":false},"excerpt":{"rendered":"<p>A produ\u00e7\u00e3o petrol\u00edfera nacional j\u00e1 atingiu uma certa estabiliza\u00e7\u00e3o, fruto de alguns investimentos feitos no sector. H\u00e1 j\u00e1 algumas anos que a nossa produ\u00e7\u00e3o de petr\u00f3leo, anda em decl\u00ednio, por falta de novos investimentos o que levou a redu\u00e7\u00e3o na produ\u00e7\u00e3o de pouco mais\u00a0 de dois milh\u00f5es de\u00a0 barris de ...<\/p>\n","protected":false},"author":10,"featured_media":96858,"comment_status":"closed","ping_status":"closed","sticky":false,"template":"","format":"standard","meta":[],"categories":[142,121,163],"tags":[],"_links":{"self":[{"href":"https:\/\/rna.ao\/rna.ao\/wp-json\/wp\/v2\/posts\/96854"}],"collection":[{"href":"https:\/\/rna.ao\/rna.ao\/wp-json\/wp\/v2\/posts"}],"about":[{"href":"https:\/\/rna.ao\/rna.ao\/wp-json\/wp\/v2\/types\/post"}],"author":[{"embeddable":true,"href":"https:\/\/rna.ao\/rna.ao\/wp-json\/wp\/v2\/users\/10"}],"replies":[{"embeddable":true,"href":"https:\/\/rna.ao\/rna.ao\/wp-json\/wp\/v2\/comments?post=96854"}],"version-history":[{"count":3,"href":"https:\/\/rna.ao\/rna.ao\/wp-json\/wp\/v2\/posts\/96854\/revisions"}],"predecessor-version":[{"id":96864,"href":"https:\/\/rna.ao\/rna.ao\/wp-json\/wp\/v2\/posts\/96854\/revisions\/96864"}],"wp:featuredmedia":[{"embeddable":true,"href":"https:\/\/rna.ao\/rna.ao\/wp-json\/wp\/v2\/media\/96858"}],"wp:attachment":[{"href":"https:\/\/rna.ao\/rna.ao\/wp-json\/wp\/v2\/media?parent=96854"}],"wp:term":[{"taxonomy":"category","embeddable":true,"href":"https:\/\/rna.ao\/rna.ao\/wp-json\/wp\/v2\/categories?post=96854"},{"taxonomy":"post_tag","embeddable":true,"href":"https:\/\/rna.ao\/rna.ao\/wp-json\/wp\/v2\/tags?post=96854"}],"curies":[{"name":"wp","href":"https:\/\/api.w.org\/{rel}","templated":true}]}}