{"id":96822,"date":"2023-03-20T06:21:17","date_gmt":"2023-03-20T05:21:17","guid":{"rendered":"https:\/\/rna.ao\/rna.ao\/?p=96822"},"modified":"2023-03-20T06:21:17","modified_gmt":"2023-03-20T05:21:17","slug":"operadores-da-hotelaria-restauracao-e-similares-do-pais-debatem-regulamento-de-emissao-e-uso-de-alvara","status":"publish","type":"post","link":"https:\/\/rna.ao\/rna.ao\/2023\/03\/20\/operadores-da-hotelaria-restauracao-e-similares-do-pais-debatem-regulamento-de-emissao-e-uso-de-alvara\/","title":{"rendered":"Operadores da hotelaria, restaura\u00e7\u00e3o e similares do pa\u00eds debatem regulamento de emiss\u00e3o e uso de Alvar\u00e1"},"content":{"rendered":"<p><img loading=\"lazy\" class=\"size-medium wp-image-96824 aligncenter\" src=\"https:\/\/rna.ao\/rna.ao\/wp-content\/uploads\/2023\/03\/Debate-Alvara-Comercial-770x513.jpg\" alt=\"\" width=\"770\" height=\"513\" srcset=\"https:\/\/rna.ao\/rna.ao\/wp-content\/uploads\/2023\/03\/Debate-Alvara-Comercial-770x513.jpg 770w, https:\/\/rna.ao\/rna.ao\/wp-content\/uploads\/2023\/03\/Debate-Alvara-Comercial-768x511.jpg 768w, https:\/\/rna.ao\/rna.ao\/wp-content\/uploads\/2023\/03\/Debate-Alvara-Comercial.jpg 1003w\" sizes=\"(max-width: 770px) 100vw, 770px\" \/>O Decreto Presidencial que aprova o regulamento da emiss\u00e3o e uso do Alvar\u00e1, para restaura\u00e7\u00e3o e similares, vai ser debatido esta ter\u00e7a-feira, 21 de Mar\u00e7o, na capital do pa\u00eds, em semin\u00e1rio. A iniciativa \u00e9 conjunta entre o Minist\u00e9rio da Cultura e Turismo e a Casa Civil do Presidente da Rep\u00fablica. Saiba mais, no \u00e1udio abaixo, com o jornalista Estev\u00e3o Borges:<\/p>\n\t<div class=\"qtmplayer-playlist-large\">\n\t\t<ul class=\"qtmplayer-playlist\">\n\t\t\t\n\t\t\t\t\t<li class=\"qtmplayer-trackitem\">\n\t\t<img src=\"https:\/\/rna.ao\/rna.ao\/wp-content\/uploads\/2023\/03\/Debate-Alvara-Comercial-1-100x100.jpg\" alt=\"cover\">\t\t<span \t\t\tdata-qtmplayer-cover=\"https:\/\/rna.ao\/rna.ao\/wp-content\/uploads\/2023\/03\/Debate-Alvara-Comercial-1.jpg\"\n\t\t\t\t\t\tdata-qtmplayer-file=\"https:\/\/rna.ao\/rna.ao\/wp-content\/uploads\/2023\/03\/ESTEVAO-BORGES-6HRS.mp3\"\n\t\t\t\t\t\tdata-qtmplayer-title=\"Operadores da hotelaria, restaura\u00e7\u00e3o e similares do pa\u00eds debatem regulamento de emiss\u00e3o e uso de Alvar\u00e1\"\n\t\t\t\t\t\tdata-qtmplayer-artist=\"RNA\"\n\t\t\t\t\t\tdata-qtmplayer-link=\"https:\/\/rna.ao\/rna.ao\/2023\/03\/20\/operadores-da-hotelaria-restauracao-e-similares-do-pais-debatem-regulamento-de-emissao-e-uso-de-alvara\/\"\n\t\t\t\t\t\tdata-qtmplayer-icon=\"file_download\"\n\t\t\t\t\t\tdata-qtmplayer-type=\"track\"\n\t\t\t class=\"qtmplayer-play qtmplayer-link-sec qtmplayer-play-btn\"><i class='material-icons'>play_arrow<\/i><\/span>\n\t\t<p>\n\t\t\t<span class=\"qtmplayer-tit\">Operadores da hotelaria, restaura\u00e7\u00e3o e similares do pa\u00eds debatem regulamento de emiss\u00e3o e uso de Alvar\u00e1<\/span>\n\t\t\t<span class=\"qtmplayer-art\">RNA<\/span>\n\t\t<\/p>\n\t<\/li>\n\t\t<\/ul>\n\t<\/div>\t\t\t\n\t\n<p>Fonte: RNA<\/p>\n","protected":false},"excerpt":{"rendered":"<p>O Decreto Presidencial que aprova o regulamento da emiss\u00e3o e uso do Alvar\u00e1, para restaura\u00e7\u00e3o e similares, vai ser debatido esta ter\u00e7a-feira, 21 de Mar\u00e7o, na capital do pa\u00eds, em semin\u00e1rio. A iniciativa \u00e9 conjunta entre o Minist\u00e9rio da Cultura e Turismo e a Casa Civil do Presidente da Rep\u00fablica. ...<\/p>\n","protected":false},"author":8,"featured_media":96825,"comment_status":"closed","ping_status":"closed","sticky":false,"template":"","format":"standard","meta":[],"categories":[142,121,163],"tags":[],"_links":{"self":[{"href":"https:\/\/rna.ao\/rna.ao\/wp-json\/wp\/v2\/posts\/96822"}],"collection":[{"href":"https:\/\/rna.ao\/rna.ao\/wp-json\/wp\/v2\/posts"}],"about":[{"href":"https:\/\/rna.ao\/rna.ao\/wp-json\/wp\/v2\/types\/post"}],"author":[{"embeddable":true,"href":"https:\/\/rna.ao\/rna.ao\/wp-json\/wp\/v2\/users\/8"}],"replies":[{"embeddable":true,"href":"https:\/\/rna.ao\/rna.ao\/wp-json\/wp\/v2\/comments?post=96822"}],"version-history":[{"count":1,"href":"https:\/\/rna.ao\/rna.ao\/wp-json\/wp\/v2\/posts\/96822\/revisions"}],"predecessor-version":[{"id":96826,"href":"https:\/\/rna.ao\/rna.ao\/wp-json\/wp\/v2\/posts\/96822\/revisions\/96826"}],"wp:featuredmedia":[{"embeddable":true,"href":"https:\/\/rna.ao\/rna.ao\/wp-json\/wp\/v2\/media\/96825"}],"wp:attachment":[{"href":"https:\/\/rna.ao\/rna.ao\/wp-json\/wp\/v2\/media?parent=96822"}],"wp:term":[{"taxonomy":"category","embeddable":true,"href":"https:\/\/rna.ao\/rna.ao\/wp-json\/wp\/v2\/categories?post=96822"},{"taxonomy":"post_tag","embeddable":true,"href":"https:\/\/rna.ao\/rna.ao\/wp-json\/wp\/v2\/tags?post=96822"}],"curies":[{"name":"wp","href":"https:\/\/api.w.org\/{rel}","templated":true}]}}