{"id":96683,"date":"2023-03-18T13:39:48","date_gmt":"2023-03-18T12:39:48","guid":{"rendered":"https:\/\/rna.ao\/rna.ao\/?p=96683"},"modified":"2023-03-18T13:39:48","modified_gmt":"2023-03-18T12:39:48","slug":"regulamento-da-emissao-e-uso-do-alvara-de-exploracao-de-estabelecimento-de-restauracao-e-similares-vai-ser-debatido-em-seminario-em-luanda","status":"publish","type":"post","link":"https:\/\/rna.ao\/rna.ao\/2023\/03\/18\/regulamento-da-emissao-e-uso-do-alvara-de-exploracao-de-estabelecimento-de-restauracao-e-similares-vai-ser-debatido-em-seminario-em-luanda\/","title":{"rendered":"Regulamento da emiss\u00e3o e uso do Alvar\u00e1 de Explora\u00e7\u00e3o de Estabelecimento de Restaura\u00e7\u00e3o e Similares vai ser debatido em semin\u00e1rio em Luanda"},"content":{"rendered":"<p><img loading=\"lazy\" class=\"size-full wp-image-96686 alignleft\" src=\"https:\/\/rna.ao\/rna.ao\/wp-content\/uploads\/2023\/03\/download-13.jpg\" alt=\"\" width=\"189\" height=\"267\" \/>O Decreto Presidencial que aprova o regulamento da emiss\u00e3o e uso do Alvar\u00e1 de Explora\u00e7\u00e3o de Estabelecimento de Restaura\u00e7\u00e3o e Similares, vai ser debatido em semin\u00e1rio na pr\u00f3xima ter\u00e7a-feira em Luanda. A iniciativa \u00e9 conjunta entre o Minist\u00e9rio da Cultura e Turismo e a Casa Civil do Presidente da Rep\u00fablica, e estar\u00e1 conformada em semin\u00e1rio. O debate para al\u00e9m de juntar em Luanda, operadores da cadeia de hotelaria, restaura\u00e7\u00e3o e similares, vai igualmente contar com agentes de outras regi\u00f5es do pa\u00eds por via on-line.<\/p>\n<p>De acordo com a Directora Nacional de Qualifica\u00e7\u00e3o e Licenciamento do Minist\u00e9rio da Cultura e Turismo, Zahira Assun\u00e7\u00e3o, o semin\u00e1rio vai reiterar as compet\u00eancias no sector da restaura\u00e7\u00e3o e similares que no \u00e2mbito do simplifica 2.0, s\u00e3o das administra\u00e7\u00f5es municipais.\u00a0Clique, no \u00e1udio abaixo, e ou\u00e7a:<\/p>\n\t<div class=\"qtmplayer-playlist-large\">\n\t\t<ul class=\"qtmplayer-playlist\">\n\t\t\t\n\t\t\t\t\t<li class=\"qtmplayer-trackitem\">\n\t\t<img src=\"https:\/\/rna.ao\/rna.ao\/wp-content\/uploads\/2023\/03\/download-13-100x100.jpg\" alt=\"cover\">\t\t<span \t\t\tdata-qtmplayer-cover=\"https:\/\/rna.ao\/rna.ao\/wp-content\/uploads\/2023\/03\/download-13.jpg\"\n\t\t\t\t\t\tdata-qtmplayer-file=\"https:\/\/rna.ao\/rna.ao\/wp-content\/uploads\/2023\/03\/ZAHIRA-ASSUNCAO-1-13-HRS.mp3\"\n\t\t\t\t\t\tdata-qtmplayer-title=\"Regulamento da emiss\u00e3o e uso do Alvar\u00e1 de Explora\u00e7\u00e3o de Estabelecimento de Restaura\u00e7\u00e3o e Similares vai ser debatido em semin\u00e1rio em Luanda\"\n\t\t\t\t\t\tdata-qtmplayer-artist=\"RNA\"\n\t\t\t\t\t\tdata-qtmplayer-link=\"https:\/\/rna.ao\/rna.ao\/2023\/03\/18\/regulamento-da-emissao-e-uso-do-alvara-de-exploracao-de-estabelecimento-de-restauracao-e-similares-vai-ser-debatido-em-seminario-em-luanda\/\"\n\t\t\t\t\t\tdata-qtmplayer-icon=\"file_download\"\n\t\t\t\t\t\tdata-qtmplayer-type=\"track\"\n\t\t\t class=\"qtmplayer-play qtmplayer-link-sec qtmplayer-play-btn\"><i class='material-icons'>play_arrow<\/i><\/span>\n\t\t<p>\n\t\t\t<span class=\"qtmplayer-tit\">Regulamento da emiss\u00e3o e uso do Alvar\u00e1 de Explora\u00e7\u00e3o de Estabelecimento de Restaura\u00e7\u00e3o e Similares vai ser debatido em semin\u00e1rio em Luanda<\/span>\n\t\t\t<span class=\"qtmplayer-art\">RNA<\/span>\n\t\t<\/p>\n\t<\/li>\n\t\t<\/ul>\n\t<\/div>\t\t\t\n\t\n<p>Zahira Assun\u00e7\u00e3o, diz que apesar de existir um quadro de desaperto nos procedimentos pra o exerc\u00edcio na cadeia da restaura\u00e7\u00e3o e similares, ainda assim, o sector considera que o actual diploma d\u00e1 margem para o controlo que se imp\u00f5e. Clique, no \u00e1udio abaixo, e ou\u00e7a:<\/p>\n\t<div class=\"qtmplayer-playlist-large\">\n\t\t<ul class=\"qtmplayer-playlist\">\n\t\t\t\n\t\t\t\t\t<li class=\"qtmplayer-trackitem\">\n\t\t<img src=\"https:\/\/rna.ao\/rna.ao\/wp-content\/uploads\/2023\/03\/download-13-100x100.jpg\" alt=\"cover\">\t\t<span \t\t\tdata-qtmplayer-cover=\"https:\/\/rna.ao\/rna.ao\/wp-content\/uploads\/2023\/03\/download-13.jpg\"\n\t\t\t\t\t\tdata-qtmplayer-file=\"https:\/\/rna.ao\/rna.ao\/wp-content\/uploads\/2023\/03\/ZAHIRA-ASSUNCAO-2-13-HRS.mp3\"\n\t\t\t\t\t\tdata-qtmplayer-title=\"Regulamento da emiss\u00e3o e uso do Alvar\u00e1 de Explora\u00e7\u00e3o de Estabelecimento de Restaura\u00e7\u00e3o e Similares vai ser debatido em semin\u00e1rio em Luanda\"\n\t\t\t\t\t\tdata-qtmplayer-artist=\"RNA\"\n\t\t\t\t\t\tdata-qtmplayer-link=\"https:\/\/rna.ao\/rna.ao\/2023\/03\/18\/regulamento-da-emissao-e-uso-do-alvara-de-exploracao-de-estabelecimento-de-restauracao-e-similares-vai-ser-debatido-em-seminario-em-luanda\/\"\n\t\t\t\t\t\tdata-qtmplayer-icon=\"file_download\"\n\t\t\t\t\t\tdata-qtmplayer-type=\"track\"\n\t\t\t class=\"qtmplayer-play qtmplayer-link-sec qtmplayer-play-btn\"><i class='material-icons'>play_arrow<\/i><\/span>\n\t\t<p>\n\t\t\t<span class=\"qtmplayer-tit\">Regulamento da emiss\u00e3o e uso do Alvar\u00e1 de Explora\u00e7\u00e3o de Estabelecimento de Restaura\u00e7\u00e3o e Similares vai ser debatido em semin\u00e1rio em Luanda<\/span>\n\t\t\t<span class=\"qtmplayer-art\">RNA<\/span>\n\t\t<\/p>\n\t<\/li>\n\t\t<\/ul>\n\t<\/div>\t\t\t\n\t\n","protected":false},"excerpt":{"rendered":"<p>O Decreto Presidencial que aprova o regulamento da emiss\u00e3o e uso do Alvar\u00e1 de Explora\u00e7\u00e3o de Estabelecimento de Restaura\u00e7\u00e3o e Similares, vai ser debatido em semin\u00e1rio na pr\u00f3xima ter\u00e7a-feira em Luanda. A iniciativa \u00e9 conjunta entre o Minist\u00e9rio da Cultura e Turismo e a Casa Civil do Presidente da Rep\u00fablica, ...<\/p>\n","protected":false},"author":8,"featured_media":96686,"comment_status":"closed","ping_status":"closed","sticky":false,"template":"","format":"standard","meta":[],"categories":[142,121,163],"tags":[],"_links":{"self":[{"href":"https:\/\/rna.ao\/rna.ao\/wp-json\/wp\/v2\/posts\/96683"}],"collection":[{"href":"https:\/\/rna.ao\/rna.ao\/wp-json\/wp\/v2\/posts"}],"about":[{"href":"https:\/\/rna.ao\/rna.ao\/wp-json\/wp\/v2\/types\/post"}],"author":[{"embeddable":true,"href":"https:\/\/rna.ao\/rna.ao\/wp-json\/wp\/v2\/users\/8"}],"replies":[{"embeddable":true,"href":"https:\/\/rna.ao\/rna.ao\/wp-json\/wp\/v2\/comments?post=96683"}],"version-history":[{"count":2,"href":"https:\/\/rna.ao\/rna.ao\/wp-json\/wp\/v2\/posts\/96683\/revisions"}],"predecessor-version":[{"id":96688,"href":"https:\/\/rna.ao\/rna.ao\/wp-json\/wp\/v2\/posts\/96683\/revisions\/96688"}],"wp:featuredmedia":[{"embeddable":true,"href":"https:\/\/rna.ao\/rna.ao\/wp-json\/wp\/v2\/media\/96686"}],"wp:attachment":[{"href":"https:\/\/rna.ao\/rna.ao\/wp-json\/wp\/v2\/media?parent=96683"}],"wp:term":[{"taxonomy":"category","embeddable":true,"href":"https:\/\/rna.ao\/rna.ao\/wp-json\/wp\/v2\/categories?post=96683"},{"taxonomy":"post_tag","embeddable":true,"href":"https:\/\/rna.ao\/rna.ao\/wp-json\/wp\/v2\/tags?post=96683"}],"curies":[{"name":"wp","href":"https:\/\/api.w.org\/{rel}","templated":true}]}}