{"id":96632,"date":"2023-03-18T10:59:54","date_gmt":"2023-03-18T09:59:54","guid":{"rendered":"https:\/\/rna.ao\/rna.ao\/?p=96632"},"modified":"2023-03-18T10:59:54","modified_gmt":"2023-03-18T09:59:54","slug":"maka-no-treino-do-psg-messi-fartou-se-e-saiu-a-meio","status":"publish","type":"post","link":"https:\/\/rna.ao\/rna.ao\/2023\/03\/18\/maka-no-treino-do-psg-messi-fartou-se-e-saiu-a-meio\/","title":{"rendered":"\u201cMaka\u201d no treino do PSG: Messi fartou-se e saiu a meio"},"content":{"rendered":"<div class=\"x11i5rnm xat24cr x1mh8g0r x1vvkbs xtlvy1s x126k92a\">\n<div dir=\"auto\"><img loading=\"lazy\" class=\"wp-image-96633 alignleft\" src=\"https:\/\/rna.ao\/rna.ao\/wp-content\/uploads\/2023\/03\/336526773_158199493785730_1821123427141481162_n.jpg\" alt=\"\" width=\"396\" height=\"223\" \/>A RMC Sport adiante que Lionel Messi decidiu abandonar o treino de quinta-feira a meio, n\u00e3o por eventuais problemas f\u00edsicos mas por n\u00e3o ter gostado de um exerc\u00edcio proposto por Christophe Galtier, treinador dos parisienses.<\/div>\n<div dir=\"auto\"><\/div>\n<\/div>\n<div class=\"x11i5rnm xat24cr x1mh8g0r x1vvkbs xtlvy1s x126k92a\">\n<div dir=\"auto\">Na unidade de treino ensaiada, os avan\u00e7ados estavam obrigados a trabalho defensivo, ideia que n\u00e3o ter\u00e1 agradado ao argentino, que ficou \u00abirritado\u00bb com a situa\u00e7\u00e3o e abandonou a sess\u00e3o.<\/div>\n<div dir=\"auto\"><\/div>\n<\/div>\n<div class=\"x11i5rnm xat24cr x1mh8g0r x1vvkbs xtlvy1s x126k92a\">\n<div dir=\"auto\">Fontes pr\u00f3ximas do PSG garantem que a paragem de Messi se explicou por problemas musculares nos adutores, vers\u00e3o que, oficialmente, o PSG ainda n\u00e3o confirmou. E o clube tamb\u00e9m n\u00e3o desmentiu, para j\u00e1, a \u2018birra\u2019 do campe\u00e3o do mundo.<\/div>\n<\/div>\n","protected":false},"excerpt":{"rendered":"<p>A RMC Sport adiante que Lionel Messi decidiu abandonar o treino de quinta-feira a meio, n\u00e3o por eventuais problemas f\u00edsicos mas por n\u00e3o ter gostado de um exerc\u00edcio proposto por Christophe Galtier, treinador dos parisienses. Na unidade de treino ensaiada, os avan\u00e7ados estavam obrigados a trabalho defensivo, ideia que n\u00e3o ...<\/p>\n","protected":false},"author":8,"featured_media":96633,"comment_status":"closed","ping_status":"closed","sticky":false,"template":"","format":"standard","meta":[],"categories":[145,125,164],"tags":[],"_links":{"self":[{"href":"https:\/\/rna.ao\/rna.ao\/wp-json\/wp\/v2\/posts\/96632"}],"collection":[{"href":"https:\/\/rna.ao\/rna.ao\/wp-json\/wp\/v2\/posts"}],"about":[{"href":"https:\/\/rna.ao\/rna.ao\/wp-json\/wp\/v2\/types\/post"}],"author":[{"embeddable":true,"href":"https:\/\/rna.ao\/rna.ao\/wp-json\/wp\/v2\/users\/8"}],"replies":[{"embeddable":true,"href":"https:\/\/rna.ao\/rna.ao\/wp-json\/wp\/v2\/comments?post=96632"}],"version-history":[{"count":1,"href":"https:\/\/rna.ao\/rna.ao\/wp-json\/wp\/v2\/posts\/96632\/revisions"}],"predecessor-version":[{"id":96634,"href":"https:\/\/rna.ao\/rna.ao\/wp-json\/wp\/v2\/posts\/96632\/revisions\/96634"}],"wp:featuredmedia":[{"embeddable":true,"href":"https:\/\/rna.ao\/rna.ao\/wp-json\/wp\/v2\/media\/96633"}],"wp:attachment":[{"href":"https:\/\/rna.ao\/rna.ao\/wp-json\/wp\/v2\/media?parent=96632"}],"wp:term":[{"taxonomy":"category","embeddable":true,"href":"https:\/\/rna.ao\/rna.ao\/wp-json\/wp\/v2\/categories?post=96632"},{"taxonomy":"post_tag","embeddable":true,"href":"https:\/\/rna.ao\/rna.ao\/wp-json\/wp\/v2\/tags?post=96632"}],"curies":[{"name":"wp","href":"https:\/\/api.w.org\/{rel}","templated":true}]}}