{"id":96607,"date":"2023-03-18T10:38:04","date_gmt":"2023-03-18T09:38:04","guid":{"rendered":"https:\/\/rna.ao\/rna.ao\/?p=96607"},"modified":"2023-03-18T10:38:04","modified_gmt":"2023-03-18T09:38:04","slug":"plano-nacional-de-eliminacao-de-plasticos-em-angola-esta-a-ser-discutido-em-luanda","status":"publish","type":"post","link":"https:\/\/rna.ao\/rna.ao\/2023\/03\/18\/plano-nacional-de-eliminacao-de-plasticos-em-angola-esta-a-ser-discutido-em-luanda\/","title":{"rendered":"Plano nacional de elimina\u00e7\u00e3o de pl\u00e1sticos em Angola est\u00e1 a ser discutido em Luanda"},"content":{"rendered":"<p><img loading=\"lazy\" class=\"size-full wp-image-77469 alignleft\" src=\"https:\/\/rna.ao\/rna.ao\/wp-content\/uploads\/2022\/09\/Ana-Paula-de-Carvalho.jpg\" alt=\"\" width=\"297\" height=\"170\" \/>O Grupo T\u00e9cnico de apoio a Comiss\u00e3o Multidisciplinar, realizou, nesta quinta-feira, na Prov\u00edncia de Luanda, a sua primeira reuni\u00e3o com o objectivo discutir o plano nacional de banimento de pl\u00e1stico em Angola. Falando \u00e0 imprensa, na qualidade de coordenador do grupo t\u00e9cnico, o Secret\u00e1rio de Estado para o Ambiente, \u00c1bias Moma Huongo, garantiu que o plano tem o seu arranque previsto para dentro dos pr\u00f3ximos 19 meses e j\u00e1 tem uma perspectiva or\u00e7amental de 600 Milh\u00f5es de Kwanzas. Clique, no \u00e1udio abaixo, e ou\u00e7a:<\/p>\n\t<div class=\"qtmplayer-playlist-large\">\n\t\t<ul class=\"qtmplayer-playlist\">\n\t\t\t\n\t\t\t\t\t<li class=\"qtmplayer-trackitem\">\n\t\t<img src=\"https:\/\/rna.ao\/rna.ao\/wp-content\/uploads\/2023\/03\/plasticos_angola_203477710663b48fb1899f5-100x100.jpg\" alt=\"cover\">\t\t<span \t\t\tdata-qtmplayer-cover=\"https:\/\/rna.ao\/rna.ao\/wp-content\/uploads\/2023\/03\/plasticos_angola_203477710663b48fb1899f5.jpg\"\n\t\t\t\t\t\tdata-qtmplayer-file=\"https:\/\/rna.ao\/rna.ao\/wp-content\/uploads\/2023\/03\/ABIAS-MOMA-HUONGO-20H.mp3\"\n\t\t\t\t\t\tdata-qtmplayer-title=\"Plano nacional de elimina\u00e7\u00e3o de pl\u00e1sticos em Angola est\u00e1 a ser discutido em Luanda\"\n\t\t\t\t\t\tdata-qtmplayer-artist=\"RNA\"\n\t\t\t\t\t\tdata-qtmplayer-link=\"https:\/\/rna.ao\/rna.ao\/2023\/03\/18\/plano-nacional-de-eliminacao-de-plasticos-em-angola-esta-a-ser-discutido-em-luanda\/\"\n\t\t\t\t\t\tdata-qtmplayer-icon=\"file_download\"\n\t\t\t\t\t\tdata-qtmplayer-type=\"track\"\n\t\t\t class=\"qtmplayer-play qtmplayer-link-sec qtmplayer-play-btn\"><i class='material-icons'>play_arrow<\/i><\/span>\n\t\t<p>\n\t\t\t<span class=\"qtmplayer-tit\">Plano nacional de elimina\u00e7\u00e3o de pl\u00e1sticos em Angola est\u00e1 a ser discutido em Luanda<\/span>\n\t\t\t<span class=\"qtmplayer-art\">RNA<\/span>\n\t\t<\/p>\n\t<\/li>\n\t\t<\/ul>\n\t<\/div>\t\t\t\n\t\n<p>A Ministra do Ambiente, Ana Paula de Carvalho, disse que o plano ter\u00e1 na sua g\u00e9nese, entre outros fins, a recupera\u00e7\u00e3o de ecossistemas degradados e a monitoria no combate dos crimes ambientais. Clique, no \u00e1udio abaixo, e ou\u00e7a:<\/p>\n\t<div class=\"qtmplayer-playlist-large\">\n\t\t<ul class=\"qtmplayer-playlist\">\n\t\t\t\n\t\t\t\t\t<li class=\"qtmplayer-trackitem\">\n\t\t<img src=\"https:\/\/rna.ao\/rna.ao\/wp-content\/uploads\/2023\/03\/plasticos_angola_203477710663b48fb1899f5-100x100.jpg\" alt=\"cover\">\t\t<span \t\t\tdata-qtmplayer-cover=\"https:\/\/rna.ao\/rna.ao\/wp-content\/uploads\/2023\/03\/plasticos_angola_203477710663b48fb1899f5.jpg\"\n\t\t\t\t\t\tdata-qtmplayer-file=\"https:\/\/rna.ao\/rna.ao\/wp-content\/uploads\/2023\/03\/ANA-PAULA-DE-CARVALHO-20H.mp3\"\n\t\t\t\t\t\tdata-qtmplayer-title=\"Plano nacional de elimina\u00e7\u00e3o de pl\u00e1sticos em Angola est\u00e1 a ser discutido em Luanda\"\n\t\t\t\t\t\tdata-qtmplayer-artist=\"RNA\"\n\t\t\t\t\t\tdata-qtmplayer-link=\"https:\/\/rna.ao\/rna.ao\/2023\/03\/18\/plano-nacional-de-eliminacao-de-plasticos-em-angola-esta-a-ser-discutido-em-luanda\/\"\n\t\t\t\t\t\tdata-qtmplayer-icon=\"file_download\"\n\t\t\t\t\t\tdata-qtmplayer-type=\"track\"\n\t\t\t class=\"qtmplayer-play qtmplayer-link-sec qtmplayer-play-btn\"><i class='material-icons'>play_arrow<\/i><\/span>\n\t\t<p>\n\t\t\t<span class=\"qtmplayer-tit\">Plano nacional de elimina\u00e7\u00e3o de pl\u00e1sticos em Angola est\u00e1 a ser discutido em Luanda<\/span>\n\t\t\t<span class=\"qtmplayer-art\">RNA<\/span>\n\t\t<\/p>\n\t<\/li>\n\t\t<\/ul>\n\t<\/div>\t\t\t\n\t\n<p>E o presidente da Associa\u00e7\u00e3o Industrial de Angola, Jos\u00e9 Severino, fala da sua vis\u00e3o sobre o plano nacional de banimento de pl\u00e1stico. Clique, no \u00e1udio abaixo, e ou\u00e7a:<\/p>\n\t<div class=\"qtmplayer-playlist-large\">\n\t\t<ul class=\"qtmplayer-playlist\">\n\t\t\t\n\t\t\t\t\t<li class=\"qtmplayer-trackitem\">\n\t\t<img src=\"https:\/\/rna.ao\/rna.ao\/wp-content\/uploads\/2023\/03\/plasticos_angola_203477710663b48fb1899f5-100x100.jpg\" alt=\"cover\">\t\t<span \t\t\tdata-qtmplayer-cover=\"https:\/\/rna.ao\/rna.ao\/wp-content\/uploads\/2023\/03\/plasticos_angola_203477710663b48fb1899f5.jpg\"\n\t\t\t\t\t\tdata-qtmplayer-file=\"https:\/\/rna.ao\/rna.ao\/wp-content\/uploads\/2023\/03\/JOSE-SEVERINO-20H.mp3\"\n\t\t\t\t\t\tdata-qtmplayer-title=\"Plano nacional de elimina\u00e7\u00e3o de pl\u00e1sticos em Angola est\u00e1 a ser discutido em Luanda\"\n\t\t\t\t\t\tdata-qtmplayer-artist=\"RNA\"\n\t\t\t\t\t\tdata-qtmplayer-link=\"https:\/\/rna.ao\/rna.ao\/2023\/03\/18\/plano-nacional-de-eliminacao-de-plasticos-em-angola-esta-a-ser-discutido-em-luanda\/\"\n\t\t\t\t\t\tdata-qtmplayer-icon=\"file_download\"\n\t\t\t\t\t\tdata-qtmplayer-type=\"track\"\n\t\t\t class=\"qtmplayer-play qtmplayer-link-sec qtmplayer-play-btn\"><i class='material-icons'>play_arrow<\/i><\/span>\n\t\t<p>\n\t\t\t<span class=\"qtmplayer-tit\">Plano nacional de elimina\u00e7\u00e3o de pl\u00e1sticos em Angola est\u00e1 a ser discutido em Luanda<\/span>\n\t\t\t<span class=\"qtmplayer-art\">RNA<\/span>\n\t\t<\/p>\n\t<\/li>\n\t\t<\/ul>\n\t<\/div>\t\t\t\n\t\n<p>&nbsp;<\/p>\n","protected":false},"excerpt":{"rendered":"<p>O Grupo T\u00e9cnico de apoio a Comiss\u00e3o Multidisciplinar, realizou, nesta quinta-feira, na Prov\u00edncia de Luanda, a sua primeira reuni\u00e3o com o objectivo discutir o plano nacional de banimento de pl\u00e1stico em Angola. Falando \u00e0 imprensa, na qualidade de coordenador do grupo t\u00e9cnico, o Secret\u00e1rio de Estado para o Ambiente, \u00c1bias ...<\/p>\n","protected":false},"author":8,"featured_media":96616,"comment_status":"closed","ping_status":"closed","sticky":false,"template":"","format":"standard","meta":[],"categories":[141,133,164],"tags":[],"_links":{"self":[{"href":"https:\/\/rna.ao\/rna.ao\/wp-json\/wp\/v2\/posts\/96607"}],"collection":[{"href":"https:\/\/rna.ao\/rna.ao\/wp-json\/wp\/v2\/posts"}],"about":[{"href":"https:\/\/rna.ao\/rna.ao\/wp-json\/wp\/v2\/types\/post"}],"author":[{"embeddable":true,"href":"https:\/\/rna.ao\/rna.ao\/wp-json\/wp\/v2\/users\/8"}],"replies":[{"embeddable":true,"href":"https:\/\/rna.ao\/rna.ao\/wp-json\/wp\/v2\/comments?post=96607"}],"version-history":[{"count":1,"href":"https:\/\/rna.ao\/rna.ao\/wp-json\/wp\/v2\/posts\/96607\/revisions"}],"predecessor-version":[{"id":96618,"href":"https:\/\/rna.ao\/rna.ao\/wp-json\/wp\/v2\/posts\/96607\/revisions\/96618"}],"wp:featuredmedia":[{"embeddable":true,"href":"https:\/\/rna.ao\/rna.ao\/wp-json\/wp\/v2\/media\/96616"}],"wp:attachment":[{"href":"https:\/\/rna.ao\/rna.ao\/wp-json\/wp\/v2\/media?parent=96607"}],"wp:term":[{"taxonomy":"category","embeddable":true,"href":"https:\/\/rna.ao\/rna.ao\/wp-json\/wp\/v2\/categories?post=96607"},{"taxonomy":"post_tag","embeddable":true,"href":"https:\/\/rna.ao\/rna.ao\/wp-json\/wp\/v2\/tags?post=96607"}],"curies":[{"name":"wp","href":"https:\/\/api.w.org\/{rel}","templated":true}]}}