{"id":96571,"date":"2023-03-18T08:45:53","date_gmt":"2023-03-18T07:45:53","guid":{"rendered":"https:\/\/rna.ao\/rna.ao\/?p=96571"},"modified":"2023-03-18T08:50:17","modified_gmt":"2023-03-18T07:50:17","slug":"ultima-hora-tribunal-penal-internacional-emite-mandado-de-captura-para-valdmimir-putin-russia-reage-diz-nao-ter-quaisquer-obrigacoes-com-o-tpi","status":"publish","type":"post","link":"https:\/\/rna.ao\/rna.ao\/2023\/03\/18\/ultima-hora-tribunal-penal-internacional-emite-mandado-de-captura-para-valdmimir-putin-russia-reage-diz-nao-ter-quaisquer-obrigacoes-com-o-tpi\/","title":{"rendered":"\u00daltima hora: Tribunal Penal Internacional emite mandado de captura para Valdmimir Putin: R\u00fassia reage, diz n\u00e3o ter quaisquer obriga\u00e7\u00f5es com o TPI"},"content":{"rendered":"<p><img loading=\"lazy\" class=\"wp-image-96574 alignleft\" src=\"https:\/\/rna.ao\/rna.ao\/wp-content\/uploads\/2023\/03\/21572020-c510-11ed-95f8-0154daa64c44.jpg\" alt=\"\" width=\"347\" height=\"228\" \/>O conflito entre a R\u00fassia e a Ucr\u00e2nia produziu nesta sexta-feira um novo capitulo que coloca o mundo sobre aviso. O capitulo em causa tem como protagonista o Tribunal Penal Internacional que emitiu mandado de deten\u00e7\u00e3o para Vladimir Putin. A R\u00fassia j\u00e1 reagiu a medida e lembrou que n\u00e3o tem obriga\u00e7\u00f5es perante o Tribunal Penal Internacional, e diz mesmo que as decis\u00f5es do TPI n\u00e3o t\u00eam significado para Moscovo. Clique, no \u00e1udio abaixo, e ou\u00e7a o desenvolvimento desta mat\u00e9ria na reportagem do D\u00e1rio Castro:<\/p>\n\t<div class=\"qtmplayer-playlist-large\">\n\t\t<ul class=\"qtmplayer-playlist\">\n\t\t\t\n\t\t\t\t\t<li class=\"qtmplayer-trackitem\">\n\t\t<img src=\"https:\/\/rna.ao\/rna.ao\/wp-content\/uploads\/2023\/03\/18189_5ec4331a82a7deb0-3_17124368146213ed63b6064-100x100.jpg\" alt=\"cover\">\t\t<span \t\t\tdata-qtmplayer-cover=\"https:\/\/rna.ao\/rna.ao\/wp-content\/uploads\/2023\/03\/18189_5ec4331a82a7deb0-3_17124368146213ed63b6064-370x370.jpg\"\n\t\t\t\t\t\tdata-qtmplayer-file=\"https:\/\/rna.ao\/rna.ao\/wp-content\/uploads\/2023\/03\/DARIO-CASTRO-20HRS.mp3\"\n\t\t\t\t\t\tdata-qtmplayer-title=\"\u00daltima hora: Tribunal Penal Internacional emite mandado de captura para Valdmimir Putin: R\u00fassia reage, diz n\u00e3o ter quaisquer obriga\u00e7\u00f5es com o TPI\"\n\t\t\t\t\t\tdata-qtmplayer-artist=\"RNA\"\n\t\t\t\t\t\tdata-qtmplayer-link=\"https:\/\/rna.ao\/rna.ao\/2023\/03\/18\/ultima-hora-tribunal-penal-internacional-emite-mandado-de-captura-para-valdmimir-putin-russia-reage-diz-nao-ter-quaisquer-obrigacoes-com-o-tpi\/\"\n\t\t\t\t\t\tdata-qtmplayer-icon=\"file_download\"\n\t\t\t\t\t\tdata-qtmplayer-type=\"track\"\n\t\t\t class=\"qtmplayer-play qtmplayer-link-sec qtmplayer-play-btn\"><i class='material-icons'>play_arrow<\/i><\/span>\n\t\t<p>\n\t\t\t<span class=\"qtmplayer-tit\">\u00daltima hora: Tribunal Penal Internacional emite mandado de captura para Valdmimir Putin: R\u00fassia reage, diz n\u00e3o ter quaisquer obriga\u00e7\u00f5es com o TPI<\/span>\n\t\t\t<span class=\"qtmplayer-art\">RNA<\/span>\n\t\t<\/p>\n\t<\/li>\n\t\t<\/ul>\n\t<\/div>\t\t\t\n\t\n<p>O especialista em Rela\u00e7\u00f5es Internacionais, Francisco Ramos da Cruz, diz que a decis\u00e3o configura a politiza\u00e7\u00e3o a justi\u00e7a no mundo, e o Tribunal Penal Internacional, est\u00e1 a agir na base da presun\u00e7\u00e3o. Clique, no \u00e1udio abaixo, e ou\u00e7a o desenvolvimento desta mat\u00e9ria na reportagem da Teresa Bai\u00e3o:<\/p>\n\t<div class=\"qtmplayer-playlist-large\">\n\t\t<ul class=\"qtmplayer-playlist\">\n\t\t\t\n\t\t\t\t\t<li class=\"qtmplayer-trackitem\">\n\t\t<img src=\"https:\/\/rna.ao\/rna.ao\/wp-content\/uploads\/2023\/03\/18189_5ec4331a82a7deb0-3_17124368146213ed63b6064-100x100.jpg\" alt=\"cover\">\t\t<span \t\t\tdata-qtmplayer-cover=\"https:\/\/rna.ao\/rna.ao\/wp-content\/uploads\/2023\/03\/18189_5ec4331a82a7deb0-3_17124368146213ed63b6064-370x370.jpg\"\n\t\t\t\t\t\tdata-qtmplayer-file=\"https:\/\/rna.ao\/rna.ao\/wp-content\/uploads\/2023\/03\/TERESA-BAIAO-CASO-PUTIN-2OHS.mp3\"\n\t\t\t\t\t\tdata-qtmplayer-title=\"\u00daltima hora: Tribunal Penal Internacional emite mandado de captura para Valdmimir Putin: R\u00fassia reage, diz n\u00e3o ter quaisquer obriga\u00e7\u00f5es com o TPI\"\n\t\t\t\t\t\tdata-qtmplayer-artist=\"RNA\"\n\t\t\t\t\t\tdata-qtmplayer-link=\"https:\/\/rna.ao\/rna.ao\/2023\/03\/18\/ultima-hora-tribunal-penal-internacional-emite-mandado-de-captura-para-valdmimir-putin-russia-reage-diz-nao-ter-quaisquer-obrigacoes-com-o-tpi\/\"\n\t\t\t\t\t\tdata-qtmplayer-icon=\"file_download\"\n\t\t\t\t\t\tdata-qtmplayer-type=\"track\"\n\t\t\t class=\"qtmplayer-play qtmplayer-link-sec qtmplayer-play-btn\"><i class='material-icons'>play_arrow<\/i><\/span>\n\t\t<p>\n\t\t\t<span class=\"qtmplayer-tit\">\u00daltima hora: Tribunal Penal Internacional emite mandado de captura para Valdmimir Putin: R\u00fassia reage, diz n\u00e3o ter quaisquer obriga\u00e7\u00f5es com o TPI<\/span>\n\t\t\t<span class=\"qtmplayer-art\">RNA<\/span>\n\t\t<\/p>\n\t<\/li>\n\t\t<\/ul>\n\t<\/div>\t\t\t\n\t\n<p>J\u00e1 o Advogado Jos\u00e9 Rodrigues especialista em Direito Penal, diz que a narrativa do Tribunal Penal Internacional colheu provas que interessam a perspectiva ocidental no conflito Kiev\/Moscovo. Por isso, o Advogado Jos\u00e9 Rodrigues entende que o TPI quebrou princ\u00edpios b\u00e1sicos do Direito Internacional. Clique, no \u00e1udio abaixo, e ou\u00e7a:<\/p>\n\t<div class=\"qtmplayer-playlist-large\">\n\t\t<ul class=\"qtmplayer-playlist\">\n\t\t\t\n\t\t\t\t\t<li class=\"qtmplayer-trackitem\">\n\t\t<img src=\"https:\/\/rna.ao\/rna.ao\/wp-content\/uploads\/2023\/03\/18189_5ec4331a82a7deb0-3_17124368146213ed63b6064-100x100.jpg\" alt=\"cover\">\t\t<span \t\t\tdata-qtmplayer-cover=\"https:\/\/rna.ao\/rna.ao\/wp-content\/uploads\/2023\/03\/18189_5ec4331a82a7deb0-3_17124368146213ed63b6064-370x370.jpg\"\n\t\t\t\t\t\tdata-qtmplayer-file=\"https:\/\/rna.ao\/rna.ao\/wp-content\/uploads\/2023\/03\/JOSE-RODRIGUES-20-HRS.mp3\"\n\t\t\t\t\t\tdata-qtmplayer-title=\"\u00daltima hora: Tribunal Penal Internacional emite mandado de captura para Valdmimir Putin: R\u00fassia reage, diz n\u00e3o ter quaisquer obriga\u00e7\u00f5es com o TPI\"\n\t\t\t\t\t\tdata-qtmplayer-artist=\"RNA\"\n\t\t\t\t\t\tdata-qtmplayer-link=\"https:\/\/rna.ao\/rna.ao\/2023\/03\/18\/ultima-hora-tribunal-penal-internacional-emite-mandado-de-captura-para-valdmimir-putin-russia-reage-diz-nao-ter-quaisquer-obrigacoes-com-o-tpi\/\"\n\t\t\t\t\t\tdata-qtmplayer-icon=\"file_download\"\n\t\t\t\t\t\tdata-qtmplayer-type=\"track\"\n\t\t\t class=\"qtmplayer-play qtmplayer-link-sec qtmplayer-play-btn\"><i class='material-icons'>play_arrow<\/i><\/span>\n\t\t<p>\n\t\t\t<span class=\"qtmplayer-tit\">\u00daltima hora: Tribunal Penal Internacional emite mandado de captura para Valdmimir Putin: R\u00fassia reage, diz n\u00e3o ter quaisquer obriga\u00e7\u00f5es com o TPI<\/span>\n\t\t\t<span class=\"qtmplayer-art\">RNA<\/span>\n\t\t<\/p>\n\t<\/li>\n\t\t<\/ul>\n\t<\/div>\t\t\t\n\t\n<p>&nbsp;<\/p>\n","protected":false},"excerpt":{"rendered":"<p>O conflito entre a R\u00fassia e a Ucr\u00e2nia produziu nesta sexta-feira um novo capitulo que coloca o mundo sobre aviso. O capitulo em causa tem como protagonista o Tribunal Penal Internacional que emitiu mandado de deten\u00e7\u00e3o para Vladimir Putin. A R\u00fassia j\u00e1 reagiu a medida e lembrou que n\u00e3o tem ...<\/p>\n","protected":false},"author":8,"featured_media":96573,"comment_status":"closed","ping_status":"closed","sticky":false,"template":"","format":"standard","meta":[],"categories":[164,163],"tags":[],"_links":{"self":[{"href":"https:\/\/rna.ao\/rna.ao\/wp-json\/wp\/v2\/posts\/96571"}],"collection":[{"href":"https:\/\/rna.ao\/rna.ao\/wp-json\/wp\/v2\/posts"}],"about":[{"href":"https:\/\/rna.ao\/rna.ao\/wp-json\/wp\/v2\/types\/post"}],"author":[{"embeddable":true,"href":"https:\/\/rna.ao\/rna.ao\/wp-json\/wp\/v2\/users\/8"}],"replies":[{"embeddable":true,"href":"https:\/\/rna.ao\/rna.ao\/wp-json\/wp\/v2\/comments?post=96571"}],"version-history":[{"count":3,"href":"https:\/\/rna.ao\/rna.ao\/wp-json\/wp\/v2\/posts\/96571\/revisions"}],"predecessor-version":[{"id":96580,"href":"https:\/\/rna.ao\/rna.ao\/wp-json\/wp\/v2\/posts\/96571\/revisions\/96580"}],"wp:featuredmedia":[{"embeddable":true,"href":"https:\/\/rna.ao\/rna.ao\/wp-json\/wp\/v2\/media\/96573"}],"wp:attachment":[{"href":"https:\/\/rna.ao\/rna.ao\/wp-json\/wp\/v2\/media?parent=96571"}],"wp:term":[{"taxonomy":"category","embeddable":true,"href":"https:\/\/rna.ao\/rna.ao\/wp-json\/wp\/v2\/categories?post=96571"},{"taxonomy":"post_tag","embeddable":true,"href":"https:\/\/rna.ao\/rna.ao\/wp-json\/wp\/v2\/tags?post=96571"}],"curies":[{"name":"wp","href":"https:\/\/api.w.org\/{rel}","templated":true}]}}