{"id":96551,"date":"2023-03-18T08:04:59","date_gmt":"2023-03-18T07:04:59","guid":{"rendered":"https:\/\/rna.ao\/rna.ao\/?p=96551"},"modified":"2023-03-18T08:04:59","modified_gmt":"2023-03-18T07:04:59","slug":"fieis-catolicos-em-mbanza-congo-lamentam-a-morte-de-dom-francisco-da-mata-mourisca","status":"publish","type":"post","link":"https:\/\/rna.ao\/rna.ao\/2023\/03\/18\/fieis-catolicos-em-mbanza-congo-lamentam-a-morte-de-dom-francisco-da-mata-mourisca\/","title":{"rendered":"Fieis cat\u00f3licos em Mbanza Congo lamentam a morte de Dom Francisco da Mata Mourisca"},"content":{"rendered":"<p><img loading=\"lazy\" class=\"wp-image-96554 alignleft\" src=\"https:\/\/rna.ao\/rna.ao\/wp-content\/uploads\/2023\/03\/dom_francisco_13318423436414c5763c0a1.jpg\" alt=\"\" width=\"372\" height=\"209\" \/>Fi\u00e9is cat\u00f3licos na cidade de\u00a0 Mbanza Congo, Prov\u00edncia do Zaire, consideram a morte de Dom Francisco da Mata Mourisca, como um grande vazio para o cristianismo em Angola. O Bispo da Diocese de Mbanza Congo lamenta a morte do prelado cat\u00f3lico e destaca o seu empenho na edifica\u00e7\u00e3o da igreja. Clique, no \u00e1udio abaixo, e ou\u00e7a o desenvolvimento desta mat\u00e9ria na reportagem do Norberto Francisco:<\/p>\n\t<div class=\"qtmplayer-playlist-large\">\n\t\t<ul class=\"qtmplayer-playlist\">\n\t\t\t\n\t\t\t\t\t<li class=\"qtmplayer-trackitem\">\n\t\t<img src=\"https:\/\/rna.ao\/rna.ao\/wp-content\/uploads\/2023\/03\/dom_francisco_13318423436414c5763c0a1-100x100.jpg\" alt=\"cover\">\t\t<span \t\t\tdata-qtmplayer-cover=\"https:\/\/rna.ao\/rna.ao\/wp-content\/uploads\/2023\/03\/dom_francisco_13318423436414c5763c0a1.jpg\"\n\t\t\t\t\t\tdata-qtmplayer-file=\"https:\/\/rna.ao\/rna.ao\/wp-content\/uploads\/2023\/03\/ZAIRE-MORTE-DO-BISPO-IMERITO-13-HRS.mp3\"\n\t\t\t\t\t\tdata-qtmplayer-title=\"Fieis cat\u00f3licos em Mbanza Congo lamentam a morte de Dom Francisco da Mata Mourisca\"\n\t\t\t\t\t\tdata-qtmplayer-artist=\"RNA\"\n\t\t\t\t\t\tdata-qtmplayer-link=\"https:\/\/rna.ao\/rna.ao\/2023\/03\/18\/fieis-catolicos-em-mbanza-congo-lamentam-a-morte-de-dom-francisco-da-mata-mourisca\/\"\n\t\t\t\t\t\tdata-qtmplayer-icon=\"file_download\"\n\t\t\t\t\t\tdata-qtmplayer-type=\"track\"\n\t\t\t class=\"qtmplayer-play qtmplayer-link-sec qtmplayer-play-btn\"><i class='material-icons'>play_arrow<\/i><\/span>\n\t\t<p>\n\t\t\t<span class=\"qtmplayer-tit\">Fieis cat\u00f3licos em Mbanza Congo lamentam a morte de Dom Francisco da Mata Mourisca<\/span>\n\t\t\t<span class=\"qtmplayer-art\">RNA<\/span>\n\t\t<\/p>\n\t<\/li>\n\t\t<\/ul>\n\t<\/div>\t\t\t\n\t\n","protected":false},"excerpt":{"rendered":"<p>Fi\u00e9is cat\u00f3licos na cidade de\u00a0 Mbanza Congo, Prov\u00edncia do Zaire, consideram a morte de Dom Francisco da Mata Mourisca, como um grande vazio para o cristianismo em Angola. O Bispo da Diocese de Mbanza Congo lamenta a morte do prelado cat\u00f3lico e destaca o seu empenho na edifica\u00e7\u00e3o da igreja. ...<\/p>\n","protected":false},"author":8,"featured_media":96554,"comment_status":"closed","ping_status":"closed","sticky":false,"template":"","format":"standard","meta":[],"categories":[164,163],"tags":[],"_links":{"self":[{"href":"https:\/\/rna.ao\/rna.ao\/wp-json\/wp\/v2\/posts\/96551"}],"collection":[{"href":"https:\/\/rna.ao\/rna.ao\/wp-json\/wp\/v2\/posts"}],"about":[{"href":"https:\/\/rna.ao\/rna.ao\/wp-json\/wp\/v2\/types\/post"}],"author":[{"embeddable":true,"href":"https:\/\/rna.ao\/rna.ao\/wp-json\/wp\/v2\/users\/8"}],"replies":[{"embeddable":true,"href":"https:\/\/rna.ao\/rna.ao\/wp-json\/wp\/v2\/comments?post=96551"}],"version-history":[{"count":1,"href":"https:\/\/rna.ao\/rna.ao\/wp-json\/wp\/v2\/posts\/96551\/revisions"}],"predecessor-version":[{"id":96555,"href":"https:\/\/rna.ao\/rna.ao\/wp-json\/wp\/v2\/posts\/96551\/revisions\/96555"}],"wp:featuredmedia":[{"embeddable":true,"href":"https:\/\/rna.ao\/rna.ao\/wp-json\/wp\/v2\/media\/96554"}],"wp:attachment":[{"href":"https:\/\/rna.ao\/rna.ao\/wp-json\/wp\/v2\/media?parent=96551"}],"wp:term":[{"taxonomy":"category","embeddable":true,"href":"https:\/\/rna.ao\/rna.ao\/wp-json\/wp\/v2\/categories?post=96551"},{"taxonomy":"post_tag","embeddable":true,"href":"https:\/\/rna.ao\/rna.ao\/wp-json\/wp\/v2\/tags?post=96551"}],"curies":[{"name":"wp","href":"https:\/\/api.w.org\/{rel}","templated":true}]}}