{"id":96508,"date":"2023-03-17T14:01:54","date_gmt":"2023-03-17T13:01:54","guid":{"rendered":"https:\/\/rna.ao\/rna.ao\/?p=96508"},"modified":"2023-03-17T14:01:54","modified_gmt":"2023-03-17T13:01:54","slug":"em-breve-sera-construida-na-huila-e-namibe-projectos-semelhantes-ao-canal-do-cafu","status":"publish","type":"post","link":"https:\/\/rna.ao\/rna.ao\/2023\/03\/17\/em-breve-sera-construida-na-huila-e-namibe-projectos-semelhantes-ao-canal-do-cafu\/","title":{"rendered":"Em breve ser\u00e1 constru\u00edda na Hu\u00edla e Namibe projectos semelhantes ao canal do Cafu"},"content":{"rendered":"<p><img loading=\"lazy\" class=\"wp-image-96510 alignleft\" src=\"https:\/\/rna.ao\/rna.ao\/wp-content\/uploads\/2023\/03\/agua_em_luanda_1_4373431641255d590e26.jpg\" alt=\"\" width=\"371\" height=\"213\" \/>O combate \u00e0 seca no sul do pa\u00eds continua nas prioridades do governo angolano. Segundo o Ministro da Energia e \u00c1guas,\u00a0 projectos semelhantes ao canal do Cafu come\u00e7am a ser\u00a0 constru\u00eddos brevemente nas prov\u00edncias da Hu\u00edla e Namibe. Os Ministro Jo\u00e3o Baptista Borges falava no F\u00f3rum Nacional de \u00c1gua e Saneamento que decorre em Talatona, Prov\u00edncia de Luanda. Clique, no \u00e1udio abaixo, e ou\u00e7a o desenvolvimento desta mat\u00e9ria na reportagem do Adriano Belmiro:<\/p>\n\t<div class=\"qtmplayer-playlist-large\">\n\t\t<ul class=\"qtmplayer-playlist\">\n\t\t\t\n\t\t\t\t\t<li class=\"qtmplayer-trackitem\">\n\t\t<img src=\"https:\/\/rna.ao\/rna.ao\/wp-content\/uploads\/2023\/03\/1574101433_agua-100x100.jpg\" alt=\"cover\">\t\t<span \t\t\tdata-qtmplayer-cover=\"https:\/\/rna.ao\/rna.ao\/wp-content\/uploads\/2023\/03\/1574101433_agua.jpg\"\n\t\t\t\t\t\tdata-qtmplayer-file=\"https:\/\/rna.ao\/rna.ao\/wp-content\/uploads\/2023\/03\/ADRIANO-BELMIRO-FORUM-13HRS.mp3\"\n\t\t\t\t\t\tdata-qtmplayer-title=\"Em breve ser\u00e1 constru\u00edda na Hu\u00edla e Namibe projectos semelhantes ao canal do Cafu\"\n\t\t\t\t\t\tdata-qtmplayer-artist=\"RNA\"\n\t\t\t\t\t\tdata-qtmplayer-link=\"https:\/\/rna.ao\/rna.ao\/2023\/03\/17\/em-breve-sera-construida-na-huila-e-namibe-projectos-semelhantes-ao-canal-do-cafu\/\"\n\t\t\t\t\t\tdata-qtmplayer-icon=\"file_download\"\n\t\t\t\t\t\tdata-qtmplayer-type=\"track\"\n\t\t\t class=\"qtmplayer-play qtmplayer-link-sec qtmplayer-play-btn\"><i class='material-icons'>play_arrow<\/i><\/span>\n\t\t<p>\n\t\t\t<span class=\"qtmplayer-tit\">Em breve ser\u00e1 constru\u00edda na Hu\u00edla e Namibe projectos semelhantes ao canal do Cafu<\/span>\n\t\t\t<span class=\"qtmplayer-art\">RNA<\/span>\n\t\t<\/p>\n\t<\/li>\n\t\t<\/ul>\n\t<\/div>\t\t\t\n\t\n","protected":false},"excerpt":{"rendered":"<p>O combate \u00e0 seca no sul do pa\u00eds continua nas prioridades do governo angolano. Segundo o Ministro da Energia e \u00c1guas,\u00a0 projectos semelhantes ao canal do Cafu come\u00e7am a ser\u00a0 constru\u00eddos brevemente nas prov\u00edncias da Hu\u00edla e Namibe. Os Ministro Jo\u00e3o Baptista Borges falava no F\u00f3rum Nacional de \u00c1gua e ...<\/p>\n","protected":false},"author":8,"featured_media":96511,"comment_status":"closed","ping_status":"closed","sticky":false,"template":"","format":"standard","meta":[],"categories":[142,121,163],"tags":[],"_links":{"self":[{"href":"https:\/\/rna.ao\/rna.ao\/wp-json\/wp\/v2\/posts\/96508"}],"collection":[{"href":"https:\/\/rna.ao\/rna.ao\/wp-json\/wp\/v2\/posts"}],"about":[{"href":"https:\/\/rna.ao\/rna.ao\/wp-json\/wp\/v2\/types\/post"}],"author":[{"embeddable":true,"href":"https:\/\/rna.ao\/rna.ao\/wp-json\/wp\/v2\/users\/8"}],"replies":[{"embeddable":true,"href":"https:\/\/rna.ao\/rna.ao\/wp-json\/wp\/v2\/comments?post=96508"}],"version-history":[{"count":1,"href":"https:\/\/rna.ao\/rna.ao\/wp-json\/wp\/v2\/posts\/96508\/revisions"}],"predecessor-version":[{"id":96512,"href":"https:\/\/rna.ao\/rna.ao\/wp-json\/wp\/v2\/posts\/96508\/revisions\/96512"}],"wp:featuredmedia":[{"embeddable":true,"href":"https:\/\/rna.ao\/rna.ao\/wp-json\/wp\/v2\/media\/96511"}],"wp:attachment":[{"href":"https:\/\/rna.ao\/rna.ao\/wp-json\/wp\/v2\/media?parent=96508"}],"wp:term":[{"taxonomy":"category","embeddable":true,"href":"https:\/\/rna.ao\/rna.ao\/wp-json\/wp\/v2\/categories?post=96508"},{"taxonomy":"post_tag","embeddable":true,"href":"https:\/\/rna.ao\/rna.ao\/wp-json\/wp\/v2\/tags?post=96508"}],"curies":[{"name":"wp","href":"https:\/\/api.w.org\/{rel}","templated":true}]}}