{"id":96500,"date":"2023-03-17T13:48:30","date_gmt":"2023-03-17T12:48:30","guid":{"rendered":"https:\/\/rna.ao\/rna.ao\/?p=96500"},"modified":"2023-03-17T13:48:30","modified_gmt":"2023-03-17T12:48:30","slug":"unita-ve-chumbada-sua-intencao-de-querer-alterar-a-agenda-parlamentar","status":"publish","type":"post","link":"https:\/\/rna.ao\/rna.ao\/2023\/03\/17\/unita-ve-chumbada-sua-intencao-de-querer-alterar-a-agenda-parlamentar\/","title":{"rendered":"UNITA v\u00ea chumbada sua inten\u00e7\u00e3o de querer alterar a agenda parlamentar"},"content":{"rendered":"<p><img loading=\"lazy\" class=\"size-full wp-image-96503 alignleft\" src=\"https:\/\/rna.ao\/rna.ao\/wp-content\/uploads\/2023\/03\/download-10.jpg\" alt=\"\" width=\"299\" height=\"168\" \/>A UNITA viu hoje, 17 de Mar\u00e7o, a maioria parlamentar chumbar a sua inten\u00e7\u00e3o de alterar a agenda para abordar as demoli\u00e7\u00f5es no Munic\u00edpio de Viana. De acordo com o deputado Am\u00e9rico Chivukuvuku que falou em nome da UNITA, mais de trezentas fam\u00edlias est\u00e3o nesta altura ao relento fruto das demoli\u00e7\u00f5es com destaque para o Distrito Urbano do Zango.\u00a0Clique, no \u00e1udio abaixo, e ou\u00e7a:<\/p>\n\t<div class=\"qtmplayer-playlist-large\">\n\t\t<ul class=\"qtmplayer-playlist\">\n\t\t\t\n\t\t\t\t\t<li class=\"qtmplayer-trackitem\">\n\t\t<img src=\"https:\/\/rna.ao\/rna.ao\/wp-content\/uploads\/2023\/03\/unita_1_302124007637f44850361f-100x100.jpg\" alt=\"cover\">\t\t<span \t\t\tdata-qtmplayer-cover=\"https:\/\/rna.ao\/rna.ao\/wp-content\/uploads\/2023\/03\/unita_1_302124007637f44850361f.jpg\"\n\t\t\t\t\t\tdata-qtmplayer-file=\"https:\/\/rna.ao\/rna.ao\/wp-content\/uploads\/2023\/03\/AMERICO-CHIVUKUVUCO-13-HRS.mp3\"\n\t\t\t\t\t\tdata-qtmplayer-title=\"UNITA v\u00ea chumbada sua inten\u00e7\u00e3o de querer alterar a agenda parlamentar\"\n\t\t\t\t\t\tdata-qtmplayer-artist=\"RNA\"\n\t\t\t\t\t\tdata-qtmplayer-link=\"https:\/\/rna.ao\/rna.ao\/2023\/03\/17\/unita-ve-chumbada-sua-intencao-de-querer-alterar-a-agenda-parlamentar\/\"\n\t\t\t\t\t\tdata-qtmplayer-icon=\"file_download\"\n\t\t\t\t\t\tdata-qtmplayer-type=\"track\"\n\t\t\t class=\"qtmplayer-play qtmplayer-link-sec qtmplayer-play-btn\"><i class='material-icons'>play_arrow<\/i><\/span>\n\t\t<p>\n\t\t\t<span class=\"qtmplayer-tit\">UNITA v\u00ea chumbada sua inten\u00e7\u00e3o de querer alterar a agenda parlamentar<\/span>\n\t\t\t<span class=\"qtmplayer-art\">RNA<\/span>\n\t\t<\/p>\n\t<\/li>\n\t\t<\/ul>\n\t<\/div>\t\t\t\n\t\n<p>Em resposta, o partido no poder reconhece que a situa\u00e7\u00e3o em viana \u00e9 preocupante. Para o deputado Vig\u00edlio Tyova o executivo est\u00e1 a par do problema e que nos pr\u00f3ximos dias, vai dar inicio aos trabalhos de realojamento das fam\u00edlias. Clique, no \u00e1udio abaixo, e ou\u00e7a:<\/p>\n\t<div class=\"qtmplayer-playlist-large\">\n\t\t<ul class=\"qtmplayer-playlist\">\n\t\t\t\n\t\t\t\t\t<li class=\"qtmplayer-trackitem\">\n\t\t<img src=\"https:\/\/rna.ao\/rna.ao\/wp-content\/uploads\/2023\/03\/unita_1_302124007637f44850361f-100x100.jpg\" alt=\"cover\">\t\t<span \t\t\tdata-qtmplayer-cover=\"https:\/\/rna.ao\/rna.ao\/wp-content\/uploads\/2023\/03\/unita_1_302124007637f44850361f.jpg\"\n\t\t\t\t\t\tdata-qtmplayer-file=\"https:\/\/rna.ao\/rna.ao\/wp-content\/uploads\/2023\/03\/VIGILIO-TYOVA-13-HRS.mp3\"\n\t\t\t\t\t\tdata-qtmplayer-title=\"UNITA v\u00ea chumbada sua inten\u00e7\u00e3o de querer alterar a agenda parlamentar\"\n\t\t\t\t\t\tdata-qtmplayer-artist=\"RNA\"\n\t\t\t\t\t\tdata-qtmplayer-link=\"https:\/\/rna.ao\/rna.ao\/2023\/03\/17\/unita-ve-chumbada-sua-intencao-de-querer-alterar-a-agenda-parlamentar\/\"\n\t\t\t\t\t\tdata-qtmplayer-icon=\"file_download\"\n\t\t\t\t\t\tdata-qtmplayer-type=\"track\"\n\t\t\t class=\"qtmplayer-play qtmplayer-link-sec qtmplayer-play-btn\"><i class='material-icons'>play_arrow<\/i><\/span>\n\t\t<p>\n\t\t\t<span class=\"qtmplayer-tit\">UNITA v\u00ea chumbada sua inten\u00e7\u00e3o de querer alterar a agenda parlamentar<\/span>\n\t\t\t<span class=\"qtmplayer-art\">RNA<\/span>\n\t\t<\/p>\n\t<\/li>\n\t\t<\/ul>\n\t<\/div>\t\t\t\n\t\n","protected":false},"excerpt":{"rendered":"<p>A UNITA viu hoje, 17 de Mar\u00e7o, a maioria parlamentar chumbar a sua inten\u00e7\u00e3o de alterar a agenda para abordar as demoli\u00e7\u00f5es no Munic\u00edpio de Viana. De acordo com o deputado Am\u00e9rico Chivukuvuku que falou em nome da UNITA, mais de trezentas fam\u00edlias est\u00e3o nesta altura ao relento fruto das ...<\/p>\n","protected":false},"author":8,"featured_media":96504,"comment_status":"closed","ping_status":"closed","sticky":false,"template":"","format":"standard","meta":[],"categories":[164,163],"tags":[],"_links":{"self":[{"href":"https:\/\/rna.ao\/rna.ao\/wp-json\/wp\/v2\/posts\/96500"}],"collection":[{"href":"https:\/\/rna.ao\/rna.ao\/wp-json\/wp\/v2\/posts"}],"about":[{"href":"https:\/\/rna.ao\/rna.ao\/wp-json\/wp\/v2\/types\/post"}],"author":[{"embeddable":true,"href":"https:\/\/rna.ao\/rna.ao\/wp-json\/wp\/v2\/users\/8"}],"replies":[{"embeddable":true,"href":"https:\/\/rna.ao\/rna.ao\/wp-json\/wp\/v2\/comments?post=96500"}],"version-history":[{"count":1,"href":"https:\/\/rna.ao\/rna.ao\/wp-json\/wp\/v2\/posts\/96500\/revisions"}],"predecessor-version":[{"id":96505,"href":"https:\/\/rna.ao\/rna.ao\/wp-json\/wp\/v2\/posts\/96500\/revisions\/96505"}],"wp:featuredmedia":[{"embeddable":true,"href":"https:\/\/rna.ao\/rna.ao\/wp-json\/wp\/v2\/media\/96504"}],"wp:attachment":[{"href":"https:\/\/rna.ao\/rna.ao\/wp-json\/wp\/v2\/media?parent=96500"}],"wp:term":[{"taxonomy":"category","embeddable":true,"href":"https:\/\/rna.ao\/rna.ao\/wp-json\/wp\/v2\/categories?post=96500"},{"taxonomy":"post_tag","embeddable":true,"href":"https:\/\/rna.ao\/rna.ao\/wp-json\/wp\/v2\/tags?post=96500"}],"curies":[{"name":"wp","href":"https:\/\/api.w.org\/{rel}","templated":true}]}}