{"id":96490,"date":"2023-03-17T13:32:20","date_gmt":"2023-03-17T12:32:20","guid":{"rendered":"https:\/\/rna.ao\/rna.ao\/?p=96490"},"modified":"2023-03-17T13:38:17","modified_gmt":"2023-03-17T12:38:17","slug":"parlamento-autoriza-envio-de-contigente-militar-de-paz-a-rdc","status":"publish","type":"post","link":"https:\/\/rna.ao\/rna.ao\/2023\/03\/17\/parlamento-autoriza-envio-de-contigente-militar-de-paz-a-rdc\/","title":{"rendered":"Parlamento autoriza envio de contigente militar de paz a RDC"},"content":{"rendered":"<p><img loading=\"lazy\" class=\"wp-image-96498 alignleft\" src=\"https:\/\/rna.ao\/rna.ao\/wp-content\/uploads\/2023\/03\/46cc34a94d80d6eac4fa785db84fa1e2_XL-770x475.jpg\" alt=\"\" width=\"396\" height=\"244\" srcset=\"https:\/\/rna.ao\/rna.ao\/wp-content\/uploads\/2023\/03\/46cc34a94d80d6eac4fa785db84fa1e2_XL-770x475.jpg 770w, https:\/\/rna.ao\/rna.ao\/wp-content\/uploads\/2023\/03\/46cc34a94d80d6eac4fa785db84fa1e2_XL-768x473.jpg 768w, https:\/\/rna.ao\/rna.ao\/wp-content\/uploads\/2023\/03\/46cc34a94d80d6eac4fa785db84fa1e2_XL.jpg 850w\" sizes=\"(max-width: 396px) 100vw, 396px\" \/>A Assembleia Nacional autorizou hoje, 17 de Mar\u00e7o, o envio \u00e0 Republica Democr\u00e1tica do Congo, pelo Presidente da Rep\u00fablica Jo\u00e3o Louren\u00e7o, de um contingente militar de apoio \u00e0s opera\u00e7\u00f5es de manuten\u00e7\u00e3o de paz das For\u00e7as Armadas Angolanas. Os deputados aprovaram por unanimidade o projecto de resolu\u00e7\u00e3o que aprova o pedido de autoriza\u00e7\u00e3o do Presidente da Rep\u00fablica, com 178 votos a favor. A Presidente da Assembleia Nacional, Carolina Cerqueira, desejou sucessos aos efectivos militares que seguem a RDC.<\/p>\n<p>O Ministro de Estado e Chefe da Casa Militar do Presidente da Rep\u00fablica, Francisco Furado, disse que o contingente angolano n\u00e3o estar\u00e1 envolvido em miss\u00f5es militares. Clique, no \u00e1udio abaixo, e ou\u00e7a o desenvolvimento desta mat\u00e9ria na reportagem do Manuel Esperan\u00e7a:<\/p>\n\t<div class=\"qtmplayer-playlist-large\">\n\t\t<ul class=\"qtmplayer-playlist\">\n\t\t\t\n\t\t\t\t\t<li class=\"qtmplayer-trackitem\">\n\t\t<img src=\"https:\/\/rna.ao\/rna.ao\/wp-content\/uploads\/2023\/03\/4_aa-dombele_bernardo_10892509663808fc824fdb-100x100.jpg\" alt=\"cover\">\t\t<span \t\t\tdata-qtmplayer-cover=\"https:\/\/rna.ao\/rna.ao\/wp-content\/uploads\/2023\/03\/4_aa-dombele_bernardo_10892509663808fc824fdb.jpg\"\n\t\t\t\t\t\tdata-qtmplayer-file=\"https:\/\/rna.ao\/rna.ao\/wp-content\/uploads\/2023\/03\/MANUEL-ESPERANCA-PARLAMENTO-13-HRS.mp3\"\n\t\t\t\t\t\tdata-qtmplayer-title=\"Parlamento autoriza envio de contigente militar de paz a RDC\"\n\t\t\t\t\t\tdata-qtmplayer-artist=\"RNA\"\n\t\t\t\t\t\tdata-qtmplayer-link=\"https:\/\/rna.ao\/rna.ao\/2023\/03\/17\/parlamento-autoriza-envio-de-contigente-militar-de-paz-a-rdc\/\"\n\t\t\t\t\t\tdata-qtmplayer-icon=\"file_download\"\n\t\t\t\t\t\tdata-qtmplayer-type=\"track\"\n\t\t\t class=\"qtmplayer-play qtmplayer-link-sec qtmplayer-play-btn\"><i class='material-icons'>play_arrow<\/i><\/span>\n\t\t<p>\n\t\t\t<span class=\"qtmplayer-tit\">Parlamento autoriza envio de contigente militar de paz a RDC<\/span>\n\t\t\t<span class=\"qtmplayer-art\">RNA<\/span>\n\t\t<\/p>\n\t<\/li>\n\t\t<\/ul>\n\t<\/div>\t\t\t\n\t\n<p>E os deputados a Assembleia Nacional esperam que Angola cumpra com zelo e sentido de miss\u00e3o esta nobre tarefa. Clique, no \u00e1udio abaixo, e ou\u00e7a o desenvolvimento desta mat\u00e9ria na reportagem do\u00a0Ant\u00f3nio Chocolate:<\/p>\n\t<div class=\"qtmplayer-playlist-large\">\n\t\t<ul class=\"qtmplayer-playlist\">\n\t\t\t\n\t\t\t\t\t<li class=\"qtmplayer-trackitem\">\n\t\t<img src=\"https:\/\/rna.ao\/rna.ao\/wp-content\/uploads\/2023\/03\/4_aa-dombele_bernardo_10892509663808fc824fdb-100x100.jpg\" alt=\"cover\">\t\t<span \t\t\tdata-qtmplayer-cover=\"https:\/\/rna.ao\/rna.ao\/wp-content\/uploads\/2023\/03\/4_aa-dombele_bernardo_10892509663808fc824fdb.jpg\"\n\t\t\t\t\t\tdata-qtmplayer-file=\"https:\/\/rna.ao\/rna.ao\/wp-content\/uploads\/2023\/03\/ANTONIO-CHOCOLATE-13-HRS-1.mp3\"\n\t\t\t\t\t\tdata-qtmplayer-title=\"Parlamento autoriza envio de contigente militar de paz a RDC\"\n\t\t\t\t\t\tdata-qtmplayer-artist=\"RNA\"\n\t\t\t\t\t\tdata-qtmplayer-link=\"https:\/\/rna.ao\/rna.ao\/2023\/03\/17\/parlamento-autoriza-envio-de-contigente-militar-de-paz-a-rdc\/\"\n\t\t\t\t\t\tdata-qtmplayer-icon=\"file_download\"\n\t\t\t\t\t\tdata-qtmplayer-type=\"track\"\n\t\t\t class=\"qtmplayer-play qtmplayer-link-sec qtmplayer-play-btn\"><i class='material-icons'>play_arrow<\/i><\/span>\n\t\t<p>\n\t\t\t<span class=\"qtmplayer-tit\">Parlamento autoriza envio de contigente militar de paz a RDC<\/span>\n\t\t\t<span class=\"qtmplayer-art\">RNA<\/span>\n\t\t<\/p>\n\t<\/li>\n\t\t<\/ul>\n\t<\/div>\t\t\t\n\t\n","protected":false},"excerpt":{"rendered":"<p>A Assembleia Nacional autorizou hoje, 17 de Mar\u00e7o, o envio \u00e0 Republica Democr\u00e1tica do Congo, pelo Presidente da Rep\u00fablica Jo\u00e3o Louren\u00e7o, de um contingente militar de apoio \u00e0s opera\u00e7\u00f5es de manuten\u00e7\u00e3o de paz das For\u00e7as Armadas Angolanas. Os deputados aprovaram por unanimidade o projecto de resolu\u00e7\u00e3o que aprova o pedido ...<\/p>\n","protected":false},"author":8,"featured_media":96492,"comment_status":"closed","ping_status":"closed","sticky":false,"template":"","format":"standard","meta":[],"categories":[164,163],"tags":[],"_links":{"self":[{"href":"https:\/\/rna.ao\/rna.ao\/wp-json\/wp\/v2\/posts\/96490"}],"collection":[{"href":"https:\/\/rna.ao\/rna.ao\/wp-json\/wp\/v2\/posts"}],"about":[{"href":"https:\/\/rna.ao\/rna.ao\/wp-json\/wp\/v2\/types\/post"}],"author":[{"embeddable":true,"href":"https:\/\/rna.ao\/rna.ao\/wp-json\/wp\/v2\/users\/8"}],"replies":[{"embeddable":true,"href":"https:\/\/rna.ao\/rna.ao\/wp-json\/wp\/v2\/comments?post=96490"}],"version-history":[{"count":4,"href":"https:\/\/rna.ao\/rna.ao\/wp-json\/wp\/v2\/posts\/96490\/revisions"}],"predecessor-version":[{"id":96499,"href":"https:\/\/rna.ao\/rna.ao\/wp-json\/wp\/v2\/posts\/96490\/revisions\/96499"}],"wp:featuredmedia":[{"embeddable":true,"href":"https:\/\/rna.ao\/rna.ao\/wp-json\/wp\/v2\/media\/96492"}],"wp:attachment":[{"href":"https:\/\/rna.ao\/rna.ao\/wp-json\/wp\/v2\/media?parent=96490"}],"wp:term":[{"taxonomy":"category","embeddable":true,"href":"https:\/\/rna.ao\/rna.ao\/wp-json\/wp\/v2\/categories?post=96490"},{"taxonomy":"post_tag","embeddable":true,"href":"https:\/\/rna.ao\/rna.ao\/wp-json\/wp\/v2\/tags?post=96490"}],"curies":[{"name":"wp","href":"https:\/\/api.w.org\/{rel}","templated":true}]}}