{"id":96374,"date":"2023-03-17T09:15:26","date_gmt":"2023-03-17T08:15:26","guid":{"rendered":"https:\/\/rna.ao\/rna.ao\/?p=96374"},"modified":"2023-03-17T09:17:29","modified_gmt":"2023-03-17T08:17:29","slug":"desportivo-de-saurimo-e-sporting-de-cabinda-acertam-calendario","status":"publish","type":"post","link":"https:\/\/rna.ao\/rna.ao\/2023\/03\/17\/desportivo-de-saurimo-e-sporting-de-cabinda-acertam-calendario\/","title":{"rendered":"Desportivo de Saurimo e Sporting de Cabinda acertam calend\u00e1rio"},"content":{"rendered":"<p><img loading=\"lazy\" class=\"wp-image-96377 alignleft\" src=\"https:\/\/rna.ao\/rna.ao\/wp-content\/uploads\/2023\/03\/sporting_de_cabinda_.jpg\" alt=\"\" width=\"367\" height=\"210\" \/>Depois de dois sucessivos adiamentos, o Desportivo de Saurimo e Sporting de Cabinda t\u00eam encontro marcado hoje, 17 de Mar\u00e7o, partir das 15 horas, no est\u00e1dio das Mangueiras, no fecho da 16\u00aa jornada do Girabola 23\/24. Cleverson Maur\u00edlio Silva, t\u00e9cnico dos Lundas do Sul, j\u00e1 tem a receita para poder vencer os le\u00f5es de Cabinda. Clique, no \u00e1udio abaixo, e ou\u00e7a:<\/p>\n\t<div class=\"qtmplayer-playlist-large\">\n\t\t<ul class=\"qtmplayer-playlist\">\n\t\t\t\n\t\t\t\t\t<li class=\"qtmplayer-trackitem\">\n\t\t<img src=\"https:\/\/rna.ao\/rna.ao\/wp-content\/uploads\/2023\/03\/lunda-sul-100x100.jpg\" alt=\"cover\">\t\t<span \t\t\tdata-qtmplayer-cover=\"https:\/\/rna.ao\/rna.ao\/wp-content\/uploads\/2023\/03\/lunda-sul-370x370.jpg\"\n\t\t\t\t\t\tdata-qtmplayer-file=\"https:\/\/rna.ao\/rna.ao\/wp-content\/uploads\/2023\/03\/2-CLEVERSON-M-DE-SOUSA-16-03-23.mp3\"\n\t\t\t\t\t\tdata-qtmplayer-title=\"Desportivo de Saurimo e Sporting de Cabinda acertam calend\u00e1rio\"\n\t\t\t\t\t\tdata-qtmplayer-artist=\"RNA\"\n\t\t\t\t\t\tdata-qtmplayer-link=\"https:\/\/rna.ao\/rna.ao\/2023\/03\/17\/desportivo-de-saurimo-e-sporting-de-cabinda-acertam-calendario\/\"\n\t\t\t\t\t\tdata-qtmplayer-icon=\"file_download\"\n\t\t\t\t\t\tdata-qtmplayer-type=\"track\"\n\t\t\t class=\"qtmplayer-play qtmplayer-link-sec qtmplayer-play-btn\"><i class='material-icons'>play_arrow<\/i><\/span>\n\t\t<p>\n\t\t\t<span class=\"qtmplayer-tit\">Desportivo de Saurimo e Sporting de Cabinda acertam calend\u00e1rio<\/span>\n\t\t\t<span class=\"qtmplayer-art\">RNA<\/span>\n\t\t<\/p>\n\t<\/li>\n\t\t<\/ul>\n\t<\/div>\t\t\t\n\t\n<p>Entretanto, Bartolomeu Manuel, presidente de direc\u00e7\u00e3o do Sporting de Cabinda, garante estarem cientes da necessidade de arcar com as despesas do jogo, depois das seguidas remarca\u00e7\u00f5es do mesmo. Clique, no \u00e1udio abaixo, e ou\u00e7a:<\/p>\n\t<div class=\"qtmplayer-playlist-large\">\n\t\t<ul class=\"qtmplayer-playlist\">\n\t\t\t\n\t\t\t\t\t<li class=\"qtmplayer-trackitem\">\n\t\t<img src=\"https:\/\/rna.ao\/rna.ao\/wp-content\/uploads\/2023\/03\/lunda-sul-100x100.jpg\" alt=\"cover\">\t\t<span \t\t\tdata-qtmplayer-cover=\"https:\/\/rna.ao\/rna.ao\/wp-content\/uploads\/2023\/03\/lunda-sul-370x370.jpg\"\n\t\t\t\t\t\tdata-qtmplayer-file=\"https:\/\/rna.ao\/rna.ao\/wp-content\/uploads\/2023\/03\/3-BARTLOMEU-MANUEL-17-03-23.mp3\"\n\t\t\t\t\t\tdata-qtmplayer-title=\"Desportivo de Saurimo e Sporting de Cabinda acertam calend\u00e1rio\"\n\t\t\t\t\t\tdata-qtmplayer-artist=\"RNA\"\n\t\t\t\t\t\tdata-qtmplayer-link=\"https:\/\/rna.ao\/rna.ao\/2023\/03\/17\/desportivo-de-saurimo-e-sporting-de-cabinda-acertam-calendario\/\"\n\t\t\t\t\t\tdata-qtmplayer-icon=\"file_download\"\n\t\t\t\t\t\tdata-qtmplayer-type=\"track\"\n\t\t\t class=\"qtmplayer-play qtmplayer-link-sec qtmplayer-play-btn\"><i class='material-icons'>play_arrow<\/i><\/span>\n\t\t<p>\n\t\t\t<span class=\"qtmplayer-tit\">Desportivo de Saurimo e Sporting de Cabinda acertam calend\u00e1rio<\/span>\n\t\t\t<span class=\"qtmplayer-art\">RNA<\/span>\n\t\t<\/p>\n\t<\/li>\n\t\t<\/ul>\n\t<\/div>\t\t\t\n\t\n<p>De recordar que a ronda j\u00e1 produziu os resultados:<\/p>\n<p>FC Bravos do Maquis 1 \/ Petro de Luanda 1,<\/p>\n<p>Recreativo do Libolo 2 \/ 0 ASK Drag\u00e3o do U\u00edge<\/p>\n<p>Wiliete Benguela 1 \/ 1Sagrada Esperan\u00e7a<\/p>\n<p>Isaac de Benguela 0 \/1 Desportivo da Hu\u00edla<\/p>\n<p>Interclube 5 \/ Acad\u00e9mica do Lobito 1<\/p>\n<p>e Santa Rita do U\u00edge 1 \/ 0 Sporting de Benguela<\/p>\n<p>O 1\u00ba de Agosto \u00e9 quem comanda o campeonato nacional com 45 pontos, seguido pelo Petro de Luanda com 44. O Sagrada Esperan\u00e7a vem no terceiro posto com 40 pontos.<\/p>\n","protected":false},"excerpt":{"rendered":"<p>Depois de dois sucessivos adiamentos, o Desportivo de Saurimo e Sporting de Cabinda t\u00eam encontro marcado hoje, 17 de Mar\u00e7o, partir das 15 horas, no est\u00e1dio das Mangueiras, no fecho da 16\u00aa jornada do Girabola 23\/24. Cleverson Maur\u00edlio Silva, t\u00e9cnico dos Lundas do Sul, j\u00e1 tem a receita para poder ...<\/p>\n","protected":false},"author":8,"featured_media":96378,"comment_status":"closed","ping_status":"closed","sticky":false,"template":"","format":"standard","meta":[],"categories":[145,125,164],"tags":[],"_links":{"self":[{"href":"https:\/\/rna.ao\/rna.ao\/wp-json\/wp\/v2\/posts\/96374"}],"collection":[{"href":"https:\/\/rna.ao\/rna.ao\/wp-json\/wp\/v2\/posts"}],"about":[{"href":"https:\/\/rna.ao\/rna.ao\/wp-json\/wp\/v2\/types\/post"}],"author":[{"embeddable":true,"href":"https:\/\/rna.ao\/rna.ao\/wp-json\/wp\/v2\/users\/8"}],"replies":[{"embeddable":true,"href":"https:\/\/rna.ao\/rna.ao\/wp-json\/wp\/v2\/comments?post=96374"}],"version-history":[{"count":3,"href":"https:\/\/rna.ao\/rna.ao\/wp-json\/wp\/v2\/posts\/96374\/revisions"}],"predecessor-version":[{"id":96381,"href":"https:\/\/rna.ao\/rna.ao\/wp-json\/wp\/v2\/posts\/96374\/revisions\/96381"}],"wp:featuredmedia":[{"embeddable":true,"href":"https:\/\/rna.ao\/rna.ao\/wp-json\/wp\/v2\/media\/96378"}],"wp:attachment":[{"href":"https:\/\/rna.ao\/rna.ao\/wp-json\/wp\/v2\/media?parent=96374"}],"wp:term":[{"taxonomy":"category","embeddable":true,"href":"https:\/\/rna.ao\/rna.ao\/wp-json\/wp\/v2\/categories?post=96374"},{"taxonomy":"post_tag","embeddable":true,"href":"https:\/\/rna.ao\/rna.ao\/wp-json\/wp\/v2\/tags?post=96374"}],"curies":[{"name":"wp","href":"https:\/\/api.w.org\/{rel}","templated":true}]}}