{"id":96355,"date":"2023-03-17T08:39:33","date_gmt":"2023-03-17T07:39:33","guid":{"rendered":"https:\/\/rna.ao\/rna.ao\/?p=96355"},"modified":"2023-03-17T11:24:18","modified_gmt":"2023-03-17T10:24:18","slug":"adesao-efectiva-de-angola-na-zcl-pode-aumentar-trocas-comerciais-na-sadc","status":"publish","type":"post","link":"https:\/\/rna.ao\/rna.ao\/2023\/03\/17\/adesao-efectiva-de-angola-na-zcl-pode-aumentar-trocas-comerciais-na-sadc\/","title":{"rendered":"Ades\u00e3o efectiva de Angola na ZCL pode aumentar trocas comerciais\u00a0na SADC"},"content":{"rendered":"<p><img loading=\"lazy\" class=\"wp-image-96360 alignleft\" src=\"https:\/\/rna.ao\/rna.ao\/wp-content\/uploads\/2023\/03\/sadc_101535700463ea0e6887438.jpg\" alt=\"\" width=\"347\" height=\"198\" \/>A ades\u00e3o efectiva de Angola, Rep\u00fablica Democr\u00e1tica do Congo e Comores \u00e0 Zona de Com\u00e9rcio Livre da Comunidade de Desenvolvimento da \u00c1frica Austral &#8220;SADC&#8221;, pode elevar as trocas comerciais de 20 por cento para 50 por cento em 2030. Actualmente as trocas comerciais na Zona de Com\u00e9rcio Livre da SADC est\u00e3o situadas em cerca de 20 por cento. Clique, no \u00e1udio abaixo, e ou\u00e7a o desenvolvimento desta mat\u00e9ria na reportagem do Adriano Belmiro:<\/p>\n\t<div class=\"qtmplayer-playlist-large\">\n\t\t<ul class=\"qtmplayer-playlist\">\n\t\t\t\n\t\t\t\t\t<li class=\"qtmplayer-trackitem\">\n\t\t<img src=\"https:\/\/rna.ao\/rna.ao\/wp-content\/uploads\/2023\/03\/despachantes-depositam-esperancas-na-zona-de-comercio-livre-da-sadc-1660096862-100x100.jpg\" alt=\"cover\">\t\t<span \t\t\tdata-qtmplayer-cover=\"https:\/\/rna.ao\/rna.ao\/wp-content\/uploads\/2023\/03\/despachantes-depositam-esperancas-na-zona-de-comercio-livre-da-sadc-1660096862-370x370.jpg\"\n\t\t\t\t\t\tdata-qtmplayer-file=\"https:\/\/rna.ao\/rna.ao\/wp-content\/uploads\/2023\/03\/ADRIANO-BELMIRO-07-HRS.mp3\"\n\t\t\t\t\t\tdata-qtmplayer-title=\"Ades\u00e3o efectiva de Angola na ZCL pode aumentar trocas comerciais\u00a0na SADC\"\n\t\t\t\t\t\tdata-qtmplayer-artist=\"RNA\"\n\t\t\t\t\t\tdata-qtmplayer-link=\"https:\/\/rna.ao\/rna.ao\/2023\/03\/17\/adesao-efectiva-de-angola-na-zcl-pode-aumentar-trocas-comerciais-na-sadc\/\"\n\t\t\t\t\t\tdata-qtmplayer-icon=\"file_download\"\n\t\t\t\t\t\tdata-qtmplayer-type=\"track\"\n\t\t\t class=\"qtmplayer-play qtmplayer-link-sec qtmplayer-play-btn\"><i class='material-icons'>play_arrow<\/i><\/span>\n\t\t<p>\n\t\t\t<span class=\"qtmplayer-tit\">Ades\u00e3o efectiva de Angola na ZCL pode aumentar trocas comerciais\u00a0na SADC<\/span>\n\t\t\t<span class=\"qtmplayer-art\">RNA<\/span>\n\t\t<\/p>\n\t<\/li>\n\t\t<\/ul>\n\t<\/div>\t\t\t\n\t\n","protected":false},"excerpt":{"rendered":"<p>A ades\u00e3o efectiva de Angola, Rep\u00fablica Democr\u00e1tica do Congo e Comores \u00e0 Zona de Com\u00e9rcio Livre da Comunidade de Desenvolvimento da \u00c1frica Austral &#8220;SADC&#8221;, pode elevar as trocas comerciais de 20 por cento para 50 por cento em 2030. Actualmente as trocas comerciais na Zona de Com\u00e9rcio Livre da SADC ...<\/p>\n","protected":false},"author":8,"featured_media":96361,"comment_status":"closed","ping_status":"closed","sticky":false,"template":"","format":"standard","meta":[],"categories":[142,121,163],"tags":[],"_links":{"self":[{"href":"https:\/\/rna.ao\/rna.ao\/wp-json\/wp\/v2\/posts\/96355"}],"collection":[{"href":"https:\/\/rna.ao\/rna.ao\/wp-json\/wp\/v2\/posts"}],"about":[{"href":"https:\/\/rna.ao\/rna.ao\/wp-json\/wp\/v2\/types\/post"}],"author":[{"embeddable":true,"href":"https:\/\/rna.ao\/rna.ao\/wp-json\/wp\/v2\/users\/8"}],"replies":[{"embeddable":true,"href":"https:\/\/rna.ao\/rna.ao\/wp-json\/wp\/v2\/comments?post=96355"}],"version-history":[{"count":2,"href":"https:\/\/rna.ao\/rna.ao\/wp-json\/wp\/v2\/posts\/96355\/revisions"}],"predecessor-version":[{"id":96439,"href":"https:\/\/rna.ao\/rna.ao\/wp-json\/wp\/v2\/posts\/96355\/revisions\/96439"}],"wp:featuredmedia":[{"embeddable":true,"href":"https:\/\/rna.ao\/rna.ao\/wp-json\/wp\/v2\/media\/96361"}],"wp:attachment":[{"href":"https:\/\/rna.ao\/rna.ao\/wp-json\/wp\/v2\/media?parent=96355"}],"wp:term":[{"taxonomy":"category","embeddable":true,"href":"https:\/\/rna.ao\/rna.ao\/wp-json\/wp\/v2\/categories?post=96355"},{"taxonomy":"post_tag","embeddable":true,"href":"https:\/\/rna.ao\/rna.ao\/wp-json\/wp\/v2\/tags?post=96355"}],"curies":[{"name":"wp","href":"https:\/\/api.w.org\/{rel}","templated":true}]}}