{"id":96349,"date":"2023-03-17T08:29:18","date_gmt":"2023-03-17T07:29:18","guid":{"rendered":"https:\/\/rna.ao\/rna.ao\/?p=96349"},"modified":"2023-03-17T11:33:19","modified_gmt":"2023-03-17T10:33:19","slug":"inscricoes-para-o-premio-nacional-dos-direitos-humanos-ja-estao-abertas","status":"publish","type":"post","link":"https:\/\/rna.ao\/rna.ao\/2023\/03\/17\/inscricoes-para-o-premio-nacional-dos-direitos-humanos-ja-estao-abertas\/","title":{"rendered":"Inscri\u00e7\u00f5es para o Pr\u00e9mio Nacional dos Direitos Humanos j\u00e1 est\u00e3o abertas"},"content":{"rendered":"<p><img loading=\"lazy\" class=\"wp-image-96352 alignleft\" src=\"https:\/\/rna.ao\/rna.ao\/wp-content\/uploads\/2023\/03\/direitos-humanos-770x436.png\" alt=\"\" width=\"390\" height=\"221\" srcset=\"https:\/\/rna.ao\/rna.ao\/wp-content\/uploads\/2023\/03\/direitos-humanos-770x436.png 770w, https:\/\/rna.ao\/rna.ao\/wp-content\/uploads\/2023\/03\/direitos-humanos-1170x663.png 1170w, https:\/\/rna.ao\/rna.ao\/wp-content\/uploads\/2023\/03\/direitos-humanos-768x435.png 768w, https:\/\/rna.ao\/rna.ao\/wp-content\/uploads\/2023\/03\/direitos-humanos.png 1200w\" sizes=\"(max-width: 390px) 100vw, 390px\" \/>Os vencedoras da segunda edi\u00e7\u00e3o do Pr\u00e9mio Nacional dos Direitos Humanos ser\u00e3o conhecidos no pr\u00f3ximo m\u00eas de Maio. O Ministro da Justi\u00e7a e dos Direitos Humanos, Marcy Lopes, abriu as candidaturas para os interessados em concorrer ao pr\u00e9mio, que vai distinguir quatro categorias. Os pr\u00e9mios, para al\u00e9m de um Certificado e Trofeu, contemplam valores monet\u00e1rios entre Quinhentos Mil e Um Milh\u00e3o de Kwanzas. Clique, no \u00e1udio abaixo, e ou\u00e7a o desenvolvimento desta mat\u00e9ria na reportagem do Manuel Esperan\u00e7a:<\/p>\n\t<div class=\"qtmplayer-playlist-large\">\n\t\t<ul class=\"qtmplayer-playlist\">\n\t\t\t\n\t\t\t\t\t<li class=\"qtmplayer-trackitem\">\n\t\t<img src=\"https:\/\/rna.ao\/rna.ao\/wp-content\/uploads\/2023\/03\/direitos-humanos-100x100.png\" alt=\"cover\">\t\t<span \t\t\tdata-qtmplayer-cover=\"https:\/\/rna.ao\/rna.ao\/wp-content\/uploads\/2023\/03\/direitos-humanos-370x370.png\"\n\t\t\t\t\t\tdata-qtmplayer-file=\"https:\/\/rna.ao\/rna.ao\/wp-content\/uploads\/2023\/03\/MANUEL-ESPERANCA-PREMIO-DOS-DIREITOS-HUMANOS-7-HRS.mp3\"\n\t\t\t\t\t\tdata-qtmplayer-title=\"Inscri\u00e7\u00f5es para o Pr\u00e9mio Nacional dos Direitos Humanos j\u00e1 est\u00e3o abertas\"\n\t\t\t\t\t\tdata-qtmplayer-artist=\"RNA\"\n\t\t\t\t\t\tdata-qtmplayer-link=\"https:\/\/rna.ao\/rna.ao\/2023\/03\/17\/inscricoes-para-o-premio-nacional-dos-direitos-humanos-ja-estao-abertas\/\"\n\t\t\t\t\t\tdata-qtmplayer-icon=\"file_download\"\n\t\t\t\t\t\tdata-qtmplayer-type=\"track\"\n\t\t\t class=\"qtmplayer-play qtmplayer-link-sec qtmplayer-play-btn\"><i class='material-icons'>play_arrow<\/i><\/span>\n\t\t<p>\n\t\t\t<span class=\"qtmplayer-tit\">Inscri\u00e7\u00f5es para o Pr\u00e9mio Nacional dos Direitos Humanos j\u00e1 est\u00e3o abertas<\/span>\n\t\t\t<span class=\"qtmplayer-art\">RNA<\/span>\n\t\t<\/p>\n\t<\/li>\n\t\t<\/ul>\n\t<\/div>\t\t\t\n\t\n","protected":false},"excerpt":{"rendered":"<p>Os vencedoras da segunda edi\u00e7\u00e3o do Pr\u00e9mio Nacional dos Direitos Humanos ser\u00e3o conhecidos no pr\u00f3ximo m\u00eas de Maio. O Ministro da Justi\u00e7a e dos Direitos Humanos, Marcy Lopes, abriu as candidaturas para os interessados em concorrer ao pr\u00e9mio, que vai distinguir quatro categorias. Os pr\u00e9mios, para al\u00e9m de um Certificado ...<\/p>\n","protected":false},"author":8,"featured_media":96352,"comment_status":"closed","ping_status":"closed","sticky":false,"template":"","format":"standard","meta":[],"categories":[164,163],"tags":[],"_links":{"self":[{"href":"https:\/\/rna.ao\/rna.ao\/wp-json\/wp\/v2\/posts\/96349"}],"collection":[{"href":"https:\/\/rna.ao\/rna.ao\/wp-json\/wp\/v2\/posts"}],"about":[{"href":"https:\/\/rna.ao\/rna.ao\/wp-json\/wp\/v2\/types\/post"}],"author":[{"embeddable":true,"href":"https:\/\/rna.ao\/rna.ao\/wp-json\/wp\/v2\/users\/8"}],"replies":[{"embeddable":true,"href":"https:\/\/rna.ao\/rna.ao\/wp-json\/wp\/v2\/comments?post=96349"}],"version-history":[{"count":1,"href":"https:\/\/rna.ao\/rna.ao\/wp-json\/wp\/v2\/posts\/96349\/revisions"}],"predecessor-version":[{"id":96353,"href":"https:\/\/rna.ao\/rna.ao\/wp-json\/wp\/v2\/posts\/96349\/revisions\/96353"}],"wp:featuredmedia":[{"embeddable":true,"href":"https:\/\/rna.ao\/rna.ao\/wp-json\/wp\/v2\/media\/96352"}],"wp:attachment":[{"href":"https:\/\/rna.ao\/rna.ao\/wp-json\/wp\/v2\/media?parent=96349"}],"wp:term":[{"taxonomy":"category","embeddable":true,"href":"https:\/\/rna.ao\/rna.ao\/wp-json\/wp\/v2\/categories?post=96349"},{"taxonomy":"post_tag","embeddable":true,"href":"https:\/\/rna.ao\/rna.ao\/wp-json\/wp\/v2\/tags?post=96349"}],"curies":[{"name":"wp","href":"https:\/\/api.w.org\/{rel}","templated":true}]}}