{"id":96337,"date":"2023-03-17T07:59:04","date_gmt":"2023-03-17T06:59:04","guid":{"rendered":"https:\/\/rna.ao\/rna.ao\/?p=96337"},"modified":"2023-03-17T07:59:04","modified_gmt":"2023-03-17T06:59:04","slug":"descarga-electrica-mata-quatro-pessoas-da-mesma-familia-no-bie","status":"publish","type":"post","link":"https:\/\/rna.ao\/rna.ao\/2023\/03\/17\/descarga-electrica-mata-quatro-pessoas-da-mesma-familia-no-bie\/","title":{"rendered":"Descarga el\u00e9ctrica mata quatro pessoas da mesma fam\u00edlia no Bi\u00e9"},"content":{"rendered":"<p><img loading=\"lazy\" class=\"wp-image-96339 alignleft\" src=\"https:\/\/rna.ao\/rna.ao\/wp-content\/uploads\/2023\/03\/20190202111055chuva.jpg\" alt=\"\" width=\"327\" height=\"235\" \/>Quatro pessoas, membros da mesma fam\u00edlia, morreram, na Prov\u00edncia do Bi\u00e9 em consequ\u00eancia de uma descarga el\u00e9trica provocada pelas fortes chuvas que ca\u00edram naquela prov\u00edncia. A chuva destruiu ainda 200 equipamentos sociais incluindo resid\u00eancias e igrejas. Os Munic\u00edpios da Nhar\u00e9a, Camacupa e Chitembo s\u00e3o as mais afectadas. Clique, no \u00e1udio abaixo, e ou\u00e7a o desenvolvimento desta mat\u00e9ria na reportagem da\u00a0Julina Mango:<\/p>\n\t<div class=\"qtmplayer-playlist-large\">\n\t\t<ul class=\"qtmplayer-playlist\">\n\t\t\t\n\t\t\t\t\t<li class=\"qtmplayer-trackitem\">\n\t\t<img src=\"https:\/\/rna.ao\/rna.ao\/wp-content\/uploads\/2023\/03\/20190202111055chuva-100x100.jpg\" alt=\"cover\">\t\t<span \t\t\tdata-qtmplayer-cover=\"https:\/\/rna.ao\/rna.ao\/wp-content\/uploads\/2023\/03\/20190202111055chuva.jpg\"\n\t\t\t\t\t\tdata-qtmplayer-file=\"https:\/\/rna.ao\/rna.ao\/wp-content\/uploads\/2023\/03\/BIE-CHUVAS-CAUSARAM-4-MORTES-07-HRS.mp3\"\n\t\t\t\t\t\tdata-qtmplayer-title=\"Descarga el\u00e9ctrica mata quatro pessoas da mesma fam\u00edlia no Bi\u00e9\"\n\t\t\t\t\t\tdata-qtmplayer-artist=\"RNA\"\n\t\t\t\t\t\tdata-qtmplayer-link=\"https:\/\/rna.ao\/rna.ao\/2023\/03\/17\/descarga-electrica-mata-quatro-pessoas-da-mesma-familia-no-bie\/\"\n\t\t\t\t\t\tdata-qtmplayer-icon=\"file_download\"\n\t\t\t\t\t\tdata-qtmplayer-type=\"track\"\n\t\t\t class=\"qtmplayer-play qtmplayer-link-sec qtmplayer-play-btn\"><i class='material-icons'>play_arrow<\/i><\/span>\n\t\t<p>\n\t\t\t<span class=\"qtmplayer-tit\">Descarga el\u00e9ctrica mata quatro pessoas da mesma fam\u00edlia no Bi\u00e9<\/span>\n\t\t\t<span class=\"qtmplayer-art\">RNA<\/span>\n\t\t<\/p>\n\t<\/li>\n\t\t<\/ul>\n\t<\/div>\t\t\t\n\t\n","protected":false},"excerpt":{"rendered":"<p>Quatro pessoas, membros da mesma fam\u00edlia, morreram, na Prov\u00edncia do Bi\u00e9 em consequ\u00eancia de uma descarga el\u00e9trica provocada pelas fortes chuvas que ca\u00edram naquela prov\u00edncia. A chuva destruiu ainda 200 equipamentos sociais incluindo resid\u00eancias e igrejas. Os Munic\u00edpios da Nhar\u00e9a, Camacupa e Chitembo s\u00e3o as mais afectadas. Clique, no \u00e1udio ...<\/p>\n","protected":false},"author":8,"featured_media":96339,"comment_status":"closed","ping_status":"closed","sticky":false,"template":"","format":"standard","meta":[],"categories":[142,121,163],"tags":[],"_links":{"self":[{"href":"https:\/\/rna.ao\/rna.ao\/wp-json\/wp\/v2\/posts\/96337"}],"collection":[{"href":"https:\/\/rna.ao\/rna.ao\/wp-json\/wp\/v2\/posts"}],"about":[{"href":"https:\/\/rna.ao\/rna.ao\/wp-json\/wp\/v2\/types\/post"}],"author":[{"embeddable":true,"href":"https:\/\/rna.ao\/rna.ao\/wp-json\/wp\/v2\/users\/8"}],"replies":[{"embeddable":true,"href":"https:\/\/rna.ao\/rna.ao\/wp-json\/wp\/v2\/comments?post=96337"}],"version-history":[{"count":1,"href":"https:\/\/rna.ao\/rna.ao\/wp-json\/wp\/v2\/posts\/96337\/revisions"}],"predecessor-version":[{"id":96340,"href":"https:\/\/rna.ao\/rna.ao\/wp-json\/wp\/v2\/posts\/96337\/revisions\/96340"}],"wp:featuredmedia":[{"embeddable":true,"href":"https:\/\/rna.ao\/rna.ao\/wp-json\/wp\/v2\/media\/96339"}],"wp:attachment":[{"href":"https:\/\/rna.ao\/rna.ao\/wp-json\/wp\/v2\/media?parent=96337"}],"wp:term":[{"taxonomy":"category","embeddable":true,"href":"https:\/\/rna.ao\/rna.ao\/wp-json\/wp\/v2\/categories?post=96337"},{"taxonomy":"post_tag","embeddable":true,"href":"https:\/\/rna.ao\/rna.ao\/wp-json\/wp\/v2\/tags?post=96337"}],"curies":[{"name":"wp","href":"https:\/\/api.w.org\/{rel}","templated":true}]}}