{"id":96276,"date":"2023-03-16T13:04:48","date_gmt":"2023-03-16T12:04:48","guid":{"rendered":"https:\/\/rna.ao\/rna.ao\/?p=96276"},"modified":"2023-03-16T13:04:48","modified_gmt":"2023-03-16T12:04:48","slug":"angola-nao-possui-condicoes-de-internamento-para-menores-em-conflito-com-a-lei","status":"publish","type":"post","link":"https:\/\/rna.ao\/rna.ao\/2023\/03\/16\/angola-nao-possui-condicoes-de-internamento-para-menores-em-conflito-com-a-lei\/","title":{"rendered":"Angola n\u00e3o possui condi\u00e7\u00f5es de internamento para menores em conflito com a Lei"},"content":{"rendered":"<p><img loading=\"lazy\" class=\" wp-image-96279 aligncenter\" src=\"https:\/\/rna.ao\/rna.ao\/wp-content\/uploads\/2023\/03\/menores-crime-prisao.jpg\" alt=\"\" width=\"730\" height=\"437\" \/>O nosso pa\u00eds n\u00e3o possui condi\u00e7\u00f5es de internamento para menores em conflito com a Lei. Esta afirma\u00e7\u00e3o foi feita esta quinta-feira, 16 de Mar\u00e7o, pela Procuradora da Rep\u00fablica junto do Julgamento de menores, no espa\u00e7o &#8220;Angola Em Directo&#8221; da RNA, que analisou a viol\u00eancia juvenil. Ou\u00e7a, no \u00e1udio abaixo, o resumo do debate com o Jo\u00e3o Manuel:<\/p>\n\t<div class=\"qtmplayer-playlist-large\">\n\t\t<ul class=\"qtmplayer-playlist\">\n\t\t\t\n\t\t\t\t\t<li class=\"qtmplayer-trackitem\">\n\t\t<img src=\"https:\/\/rna.ao\/rna.ao\/wp-content\/uploads\/2023\/03\/menores-crime-prisao-1-100x100.jpg\" alt=\"cover\">\t\t<span \t\t\tdata-qtmplayer-cover=\"https:\/\/rna.ao\/rna.ao\/wp-content\/uploads\/2023\/03\/menores-crime-prisao-1.jpg\"\n\t\t\t\t\t\tdata-qtmplayer-file=\"https:\/\/rna.ao\/rna.ao\/wp-content\/uploads\/2023\/03\/JOAO-MANUEL-DEBATE-13HRS.mp3\"\n\t\t\t\t\t\tdata-qtmplayer-title=\"Angola n\u00e3o possui condi\u00e7\u00f5es de internamento para menores em conflito com a Lei\"\n\t\t\t\t\t\tdata-qtmplayer-artist=\"RNA\"\n\t\t\t\t\t\tdata-qtmplayer-link=\"https:\/\/rna.ao\/rna.ao\/2023\/03\/16\/angola-nao-possui-condicoes-de-internamento-para-menores-em-conflito-com-a-lei\/\"\n\t\t\t\t\t\tdata-qtmplayer-icon=\"file_download\"\n\t\t\t\t\t\tdata-qtmplayer-type=\"track\"\n\t\t\t class=\"qtmplayer-play qtmplayer-link-sec qtmplayer-play-btn\"><i class='material-icons'>play_arrow<\/i><\/span>\n\t\t<p>\n\t\t\t<span class=\"qtmplayer-tit\">Angola n\u00e3o possui condi\u00e7\u00f5es de internamento para menores em conflito com a Lei<\/span>\n\t\t\t<span class=\"qtmplayer-art\">RNA<\/span>\n\t\t<\/p>\n\t<\/li>\n\t\t<\/ul>\n\t<\/div>\t\t\t\n\t\n<p>Fonte: RNA<\/p>\n","protected":false},"excerpt":{"rendered":"<p>O nosso pa\u00eds n\u00e3o possui condi\u00e7\u00f5es de internamento para menores em conflito com a Lei. Esta afirma\u00e7\u00e3o foi feita esta quinta-feira, 16 de Mar\u00e7o, pela Procuradora da Rep\u00fablica junto do Julgamento de menores, no espa\u00e7o &#8220;Angola Em Directo&#8221; da RNA, que analisou a viol\u00eancia juvenil. Ou\u00e7a, no \u00e1udio abaixo, o ...<\/p>\n","protected":false},"author":8,"featured_media":96280,"comment_status":"closed","ping_status":"closed","sticky":false,"template":"","format":"standard","meta":[],"categories":[121,163],"tags":[],"_links":{"self":[{"href":"https:\/\/rna.ao\/rna.ao\/wp-json\/wp\/v2\/posts\/96276"}],"collection":[{"href":"https:\/\/rna.ao\/rna.ao\/wp-json\/wp\/v2\/posts"}],"about":[{"href":"https:\/\/rna.ao\/rna.ao\/wp-json\/wp\/v2\/types\/post"}],"author":[{"embeddable":true,"href":"https:\/\/rna.ao\/rna.ao\/wp-json\/wp\/v2\/users\/8"}],"replies":[{"embeddable":true,"href":"https:\/\/rna.ao\/rna.ao\/wp-json\/wp\/v2\/comments?post=96276"}],"version-history":[{"count":1,"href":"https:\/\/rna.ao\/rna.ao\/wp-json\/wp\/v2\/posts\/96276\/revisions"}],"predecessor-version":[{"id":96281,"href":"https:\/\/rna.ao\/rna.ao\/wp-json\/wp\/v2\/posts\/96276\/revisions\/96281"}],"wp:featuredmedia":[{"embeddable":true,"href":"https:\/\/rna.ao\/rna.ao\/wp-json\/wp\/v2\/media\/96280"}],"wp:attachment":[{"href":"https:\/\/rna.ao\/rna.ao\/wp-json\/wp\/v2\/media?parent=96276"}],"wp:term":[{"taxonomy":"category","embeddable":true,"href":"https:\/\/rna.ao\/rna.ao\/wp-json\/wp\/v2\/categories?post=96276"},{"taxonomy":"post_tag","embeddable":true,"href":"https:\/\/rna.ao\/rna.ao\/wp-json\/wp\/v2\/tags?post=96276"}],"curies":[{"name":"wp","href":"https:\/\/api.w.org\/{rel}","templated":true}]}}