{"id":96269,"date":"2023-03-16T11:24:38","date_gmt":"2023-03-16T10:24:38","guid":{"rendered":"https:\/\/rna.ao\/rna.ao\/?p=96269"},"modified":"2023-03-16T11:27:07","modified_gmt":"2023-03-16T10:27:07","slug":"mais-de-500-delegados-elegem-novo-sg-da-jura-presidente-da-unita-abre-o-evento","status":"publish","type":"post","link":"https:\/\/rna.ao\/rna.ao\/2023\/03\/16\/mais-de-500-delegados-elegem-novo-sg-da-jura-presidente-da-unita-abre-o-evento\/","title":{"rendered":"Mais de 500 delegados elegem novo SG da JURA. Presidente da UNITA abre o evento"},"content":{"rendered":"<p><img loading=\"lazy\" class=\"alignnone size-medium wp-image-96271\" src=\"https:\/\/rna.ao\/rna.ao\/wp-content\/uploads\/2023\/03\/323289417_6540704239278594_276681963091618319_n-770x770.jpg\" alt=\"\" width=\"770\" height=\"770\" srcset=\"https:\/\/rna.ao\/rna.ao\/wp-content\/uploads\/2023\/03\/323289417_6540704239278594_276681963091618319_n-770x770.jpg 770w, https:\/\/rna.ao\/rna.ao\/wp-content\/uploads\/2023\/03\/323289417_6540704239278594_276681963091618319_n-1170x1170.jpg 1170w, https:\/\/rna.ao\/rna.ao\/wp-content\/uploads\/2023\/03\/323289417_6540704239278594_276681963091618319_n-150x150.jpg 150w, https:\/\/rna.ao\/rna.ao\/wp-content\/uploads\/2023\/03\/323289417_6540704239278594_276681963091618319_n-768x768.jpg 768w, https:\/\/rna.ao\/rna.ao\/wp-content\/uploads\/2023\/03\/323289417_6540704239278594_276681963091618319_n-1536x1536.jpg 1536w, https:\/\/rna.ao\/rna.ao\/wp-content\/uploads\/2023\/03\/323289417_6540704239278594_276681963091618319_n-100x100.jpg 100w, https:\/\/rna.ao\/rna.ao\/wp-content\/uploads\/2023\/03\/323289417_6540704239278594_276681963091618319_n-370x370.jpg 370w, https:\/\/rna.ao\/rna.ao\/wp-content\/uploads\/2023\/03\/323289417_6540704239278594_276681963091618319_n.jpg 2048w\" sizes=\"(max-width: 770px) 100vw, 770px\" \/>A JURA elege nesta sexta-feira, 17 de Mar\u00e7o, o seu novo Secret\u00e1rio Geral, num Congresso que re\u00fane mais de 500 delegados provenientes do interior do pa\u00eds, e da di\u00e1spora.<\/p>\n<p>O Presidente do UNITA, Adalberto Costa J\u00fanior, vai prestigiar o acto. Ao &#8220;cadeir\u00e3o m\u00e1ximo&#8221; da JURA, bra\u00e7o juvenil do partido do Galo Negro, concorrem dois candidatos. Clique, no \u00e1udio abaixo, e saiba mais com os rep\u00f3rteres Polaco e Nelson Pedro:<\/p>\n\t<div class=\"qtmplayer-playlist-large\">\n\t\t<ul class=\"qtmplayer-playlist\">\n\t\t\t\n\t\t\t\t\t<li class=\"qtmplayer-trackitem\">\n\t\t<img src=\"https:\/\/rna.ao\/rna.ao\/wp-content\/uploads\/2023\/03\/JURA-Vo-CONGRESSO-1-100x100.jpg\" alt=\"cover\">\t\t<span \t\t\tdata-qtmplayer-cover=\"https:\/\/rna.ao\/rna.ao\/wp-content\/uploads\/2023\/03\/JURA-Vo-CONGRESSO-1.jpg\"\n\t\t\t\t\t\tdata-qtmplayer-file=\"https:\/\/rna.ao\/rna.ao\/wp-content\/uploads\/2023\/03\/NELSON-PEDRO-11-HORAS.mp3\"\n\t\t\t\t\t\tdata-qtmplayer-title=\"Mais de 500 delegados elegem novo SG da JURA. Presidente da UNITA abre o evento\"\n\t\t\t\t\t\tdata-qtmplayer-artist=\"RNA\"\n\t\t\t\t\t\tdata-qtmplayer-link=\"https:\/\/rna.ao\/rna.ao\/2023\/03\/16\/mais-de-500-delegados-elegem-novo-sg-da-jura-presidente-da-unita-abre-o-evento\/\"\n\t\t\t\t\t\tdata-qtmplayer-icon=\"file_download\"\n\t\t\t\t\t\tdata-qtmplayer-type=\"track\"\n\t\t\t class=\"qtmplayer-play qtmplayer-link-sec qtmplayer-play-btn\"><i class='material-icons'>play_arrow<\/i><\/span>\n\t\t<p>\n\t\t\t<span class=\"qtmplayer-tit\">Mais de 500 delegados elegem novo SG da JURA. Presidente da UNITA abre o evento<\/span>\n\t\t\t<span class=\"qtmplayer-art\">RNA<\/span>\n\t\t<\/p>\n\t<\/li>\n\t\t<\/ul>\n\t<\/div>\t\t\t\n\t\n<p>Fonte: RNA<\/p>\n","protected":false},"excerpt":{"rendered":"<p>A JURA elege nesta sexta-feira, 17 de Mar\u00e7o, o seu novo Secret\u00e1rio Geral, num Congresso que re\u00fane mais de 500 delegados provenientes do interior do pa\u00eds, e da di\u00e1spora. O Presidente do UNITA, Adalberto Costa J\u00fanior, vai prestigiar o acto. Ao &#8220;cadeir\u00e3o m\u00e1ximo&#8221; da JURA, bra\u00e7o juvenil do partido do ...<\/p>\n","protected":false},"author":8,"featured_media":96274,"comment_status":"closed","ping_status":"closed","sticky":false,"template":"","format":"standard","meta":[],"categories":[121,163],"tags":[],"_links":{"self":[{"href":"https:\/\/rna.ao\/rna.ao\/wp-json\/wp\/v2\/posts\/96269"}],"collection":[{"href":"https:\/\/rna.ao\/rna.ao\/wp-json\/wp\/v2\/posts"}],"about":[{"href":"https:\/\/rna.ao\/rna.ao\/wp-json\/wp\/v2\/types\/post"}],"author":[{"embeddable":true,"href":"https:\/\/rna.ao\/rna.ao\/wp-json\/wp\/v2\/users\/8"}],"replies":[{"embeddable":true,"href":"https:\/\/rna.ao\/rna.ao\/wp-json\/wp\/v2\/comments?post=96269"}],"version-history":[{"count":1,"href":"https:\/\/rna.ao\/rna.ao\/wp-json\/wp\/v2\/posts\/96269\/revisions"}],"predecessor-version":[{"id":96273,"href":"https:\/\/rna.ao\/rna.ao\/wp-json\/wp\/v2\/posts\/96269\/revisions\/96273"}],"wp:featuredmedia":[{"embeddable":true,"href":"https:\/\/rna.ao\/rna.ao\/wp-json\/wp\/v2\/media\/96274"}],"wp:attachment":[{"href":"https:\/\/rna.ao\/rna.ao\/wp-json\/wp\/v2\/media?parent=96269"}],"wp:term":[{"taxonomy":"category","embeddable":true,"href":"https:\/\/rna.ao\/rna.ao\/wp-json\/wp\/v2\/categories?post=96269"},{"taxonomy":"post_tag","embeddable":true,"href":"https:\/\/rna.ao\/rna.ao\/wp-json\/wp\/v2\/tags?post=96269"}],"curies":[{"name":"wp","href":"https:\/\/api.w.org\/{rel}","templated":true}]}}