{"id":96230,"date":"2023-03-16T08:41:32","date_gmt":"2023-03-16T07:41:32","guid":{"rendered":"https:\/\/rna.ao\/rna.ao\/?p=96230"},"modified":"2023-03-16T08:41:32","modified_gmt":"2023-03-16T07:41:32","slug":"privatizacao-da-bodiva-estamos-a-fazer-um-processo-de-transicao-no-mercado-assegura-walter-pacheco","status":"publish","type":"post","link":"https:\/\/rna.ao\/rna.ao\/2023\/03\/16\/privatizacao-da-bodiva-estamos-a-fazer-um-processo-de-transicao-no-mercado-assegura-walter-pacheco\/","title":{"rendered":"Privatiza\u00e7\u00e3o da BODIVA: &#8220;Estamos a fazer um processo de transi\u00e7\u00e3o no mercado&#8221; &#8211; assegura Walter Pacheco"},"content":{"rendered":"<p><img loading=\"lazy\" class=\" wp-image-96238 aligncenter\" src=\"https:\/\/rna.ao\/rna.ao\/wp-content\/uploads\/2023\/03\/Walter-Pacheco-BODIVA.jpg\" alt=\"\" width=\"709\" height=\"406\" \/>O Processo de privatiza\u00e7\u00e3o da Bolsa de D\u00edvida e Valores de Angola (BODIVA) fica fechado j\u00e1 este ano. A privatiza\u00e7\u00e3o ser\u00e1 total e, neste momento, a institui\u00e7\u00e3o financeira est\u00e1 num processo de transi\u00e7\u00e3o de mercado. Saiba mais, no \u00e1udio abaixo, com a rep\u00f3rter Joana Gaspar:<\/p>\n\t<div class=\"qtmplayer-playlist-large\">\n\t\t<ul class=\"qtmplayer-playlist\">\n\t\t\t\n\t\t\t\t\t<li class=\"qtmplayer-trackitem\">\n\t\t<img src=\"https:\/\/rna.ao\/rna.ao\/wp-content\/uploads\/2023\/03\/Walter-Pacheco-BODIVA-1-100x100.jpg\" alt=\"cover\">\t\t<span \t\t\tdata-qtmplayer-cover=\"https:\/\/rna.ao\/rna.ao\/wp-content\/uploads\/2023\/03\/Walter-Pacheco-BODIVA-1.jpg\"\n\t\t\t\t\t\tdata-qtmplayer-file=\"https:\/\/rna.ao\/rna.ao\/wp-content\/uploads\/2023\/03\/JOANA-GASPAR-07-HRS-1.mp3\"\n\t\t\t\t\t\tdata-qtmplayer-title=\"Privatiza\u00e7\u00e3o da BODIVA: &#8220;Estamos a fazer um processo de transi\u00e7\u00e3o no mercado&#8221; &#8211; assegura Walter Pacheco\"\n\t\t\t\t\t\tdata-qtmplayer-artist=\"RNA\"\n\t\t\t\t\t\tdata-qtmplayer-link=\"https:\/\/rna.ao\/rna.ao\/2023\/03\/16\/privatizacao-da-bodiva-estamos-a-fazer-um-processo-de-transicao-no-mercado-assegura-walter-pacheco\/\"\n\t\t\t\t\t\tdata-qtmplayer-icon=\"file_download\"\n\t\t\t\t\t\tdata-qtmplayer-type=\"track\"\n\t\t\t class=\"qtmplayer-play qtmplayer-link-sec qtmplayer-play-btn\"><i class='material-icons'>play_arrow<\/i><\/span>\n\t\t<p>\n\t\t\t<span class=\"qtmplayer-tit\">Privatiza\u00e7\u00e3o da BODIVA: &#8220;Estamos a fazer um processo de transi\u00e7\u00e3o no mercado&#8221; &#8211; assegura Walter Pacheco<\/span>\n\t\t\t<span class=\"qtmplayer-art\">RNA<\/span>\n\t\t<\/p>\n\t<\/li>\n\t\t<\/ul>\n\t<\/div>\t\t\t\n\t\n<p>Fonte: RNA<\/p>\n","protected":false},"excerpt":{"rendered":"<p>O Processo de privatiza\u00e7\u00e3o da Bolsa de D\u00edvida e Valores de Angola (BODIVA) fica fechado j\u00e1 este ano. A privatiza\u00e7\u00e3o ser\u00e1 total e, neste momento, a institui\u00e7\u00e3o financeira est\u00e1 num processo de transi\u00e7\u00e3o de mercado. Saiba mais, no \u00e1udio abaixo, com a rep\u00f3rter Joana Gaspar: Fonte: RNA<\/p>\n","protected":false},"author":8,"featured_media":96239,"comment_status":"closed","ping_status":"closed","sticky":false,"template":"","format":"standard","meta":[],"categories":[142,121,163],"tags":[],"_links":{"self":[{"href":"https:\/\/rna.ao\/rna.ao\/wp-json\/wp\/v2\/posts\/96230"}],"collection":[{"href":"https:\/\/rna.ao\/rna.ao\/wp-json\/wp\/v2\/posts"}],"about":[{"href":"https:\/\/rna.ao\/rna.ao\/wp-json\/wp\/v2\/types\/post"}],"author":[{"embeddable":true,"href":"https:\/\/rna.ao\/rna.ao\/wp-json\/wp\/v2\/users\/8"}],"replies":[{"embeddable":true,"href":"https:\/\/rna.ao\/rna.ao\/wp-json\/wp\/v2\/comments?post=96230"}],"version-history":[{"count":1,"href":"https:\/\/rna.ao\/rna.ao\/wp-json\/wp\/v2\/posts\/96230\/revisions"}],"predecessor-version":[{"id":96242,"href":"https:\/\/rna.ao\/rna.ao\/wp-json\/wp\/v2\/posts\/96230\/revisions\/96242"}],"wp:featuredmedia":[{"embeddable":true,"href":"https:\/\/rna.ao\/rna.ao\/wp-json\/wp\/v2\/media\/96239"}],"wp:attachment":[{"href":"https:\/\/rna.ao\/rna.ao\/wp-json\/wp\/v2\/media?parent=96230"}],"wp:term":[{"taxonomy":"category","embeddable":true,"href":"https:\/\/rna.ao\/rna.ao\/wp-json\/wp\/v2\/categories?post=96230"},{"taxonomy":"post_tag","embeddable":true,"href":"https:\/\/rna.ao\/rna.ao\/wp-json\/wp\/v2\/tags?post=96230"}],"curies":[{"name":"wp","href":"https:\/\/api.w.org\/{rel}","templated":true}]}}