{"id":96229,"date":"2023-03-16T08:26:24","date_gmt":"2023-03-16T07:26:24","guid":{"rendered":"https:\/\/rna.ao\/rna.ao\/?p=96229"},"modified":"2023-03-16T08:26:24","modified_gmt":"2023-03-16T07:26:24","slug":"lenovo-abre-centro-de-assistencia-tecnica-e-emprega-mais-de-200-jovens-em-angola","status":"publish","type":"post","link":"https:\/\/rna.ao\/rna.ao\/2023\/03\/16\/lenovo-abre-centro-de-assistencia-tecnica-e-emprega-mais-de-200-jovens-em-angola\/","title":{"rendered":"Lenovo abre centro de assist\u00eancia t\u00e9cnica e emprega mais de 200 jovens em Angola"},"content":{"rendered":"<p><img loading=\"lazy\" class=\"size-full wp-image-96232 aligncenter\" src=\"https:\/\/rna.ao\/rna.ao\/wp-content\/uploads\/2023\/03\/lenovo.jpg\" alt=\"\" width=\"750\" height=\"550\" \/>O sector privado continua a ser o grande parceiro do Governo, no quadro do programa da empregabilidade. Mais de duzentos jovens ganharam emprego directo, com a entrada em funcionamento do Centro de Assist\u00eancia T\u00e9cnica da Lenovo, empresa vocacionada \u00e0 assist\u00eancia em computa\u00e7\u00e3o, redes, televisores e telefones celulares. Ou\u00e7a, no \u00e1udio abaixo, a rep\u00f3rter Paulina da Concei\u00e7\u00e3o com mais dados:<\/p>\n\t<div class=\"qtmplayer-playlist-large\">\n\t\t<ul class=\"qtmplayer-playlist\">\n\t\t\t\n\t\t\t\t\t<li class=\"qtmplayer-trackitem\">\n\t\t<img src=\"https:\/\/rna.ao\/rna.ao\/wp-content\/uploads\/2023\/03\/lenovo-1-100x100.jpg\" alt=\"cover\">\t\t<span \t\t\tdata-qtmplayer-cover=\"https:\/\/rna.ao\/rna.ao\/wp-content\/uploads\/2023\/03\/lenovo-1.jpg\"\n\t\t\t\t\t\tdata-qtmplayer-file=\"https:\/\/rna.ao\/rna.ao\/wp-content\/uploads\/2023\/03\/PAULINA-CONCEICAO-07-HRS.mp3\"\n\t\t\t\t\t\tdata-qtmplayer-title=\"Lenovo abre centro de assist\u00eancia t\u00e9cnica e emprega mais de 200 jovens em Angola\"\n\t\t\t\t\t\tdata-qtmplayer-artist=\"RNA\"\n\t\t\t\t\t\tdata-qtmplayer-link=\"https:\/\/rna.ao\/rna.ao\/2023\/03\/16\/lenovo-abre-centro-de-assistencia-tecnica-e-emprega-mais-de-200-jovens-em-angola\/\"\n\t\t\t\t\t\tdata-qtmplayer-icon=\"file_download\"\n\t\t\t\t\t\tdata-qtmplayer-type=\"track\"\n\t\t\t class=\"qtmplayer-play qtmplayer-link-sec qtmplayer-play-btn\"><i class='material-icons'>play_arrow<\/i><\/span>\n\t\t<p>\n\t\t\t<span class=\"qtmplayer-tit\">Lenovo abre centro de assist\u00eancia t\u00e9cnica e emprega mais de 200 jovens em Angola<\/span>\n\t\t\t<span class=\"qtmplayer-art\">RNA<\/span>\n\t\t<\/p>\n\t<\/li>\n\t\t<\/ul>\n\t<\/div>\t\t\t\n\t\n<p>Fonte: RNA<\/p>\n","protected":false},"excerpt":{"rendered":"<p>O sector privado continua a ser o grande parceiro do Governo, no quadro do programa da empregabilidade. Mais de duzentos jovens ganharam emprego directo, com a entrada em funcionamento do Centro de Assist\u00eancia T\u00e9cnica da Lenovo, empresa vocacionada \u00e0 assist\u00eancia em computa\u00e7\u00e3o, redes, televisores e telefones celulares. Ou\u00e7a, no \u00e1udio ...<\/p>\n","protected":false},"author":8,"featured_media":96233,"comment_status":"closed","ping_status":"closed","sticky":false,"template":"","format":"standard","meta":[],"categories":[142,121,163],"tags":[],"_links":{"self":[{"href":"https:\/\/rna.ao\/rna.ao\/wp-json\/wp\/v2\/posts\/96229"}],"collection":[{"href":"https:\/\/rna.ao\/rna.ao\/wp-json\/wp\/v2\/posts"}],"about":[{"href":"https:\/\/rna.ao\/rna.ao\/wp-json\/wp\/v2\/types\/post"}],"author":[{"embeddable":true,"href":"https:\/\/rna.ao\/rna.ao\/wp-json\/wp\/v2\/users\/8"}],"replies":[{"embeddable":true,"href":"https:\/\/rna.ao\/rna.ao\/wp-json\/wp\/v2\/comments?post=96229"}],"version-history":[{"count":1,"href":"https:\/\/rna.ao\/rna.ao\/wp-json\/wp\/v2\/posts\/96229\/revisions"}],"predecessor-version":[{"id":96234,"href":"https:\/\/rna.ao\/rna.ao\/wp-json\/wp\/v2\/posts\/96229\/revisions\/96234"}],"wp:featuredmedia":[{"embeddable":true,"href":"https:\/\/rna.ao\/rna.ao\/wp-json\/wp\/v2\/media\/96233"}],"wp:attachment":[{"href":"https:\/\/rna.ao\/rna.ao\/wp-json\/wp\/v2\/media?parent=96229"}],"wp:term":[{"taxonomy":"category","embeddable":true,"href":"https:\/\/rna.ao\/rna.ao\/wp-json\/wp\/v2\/categories?post=96229"},{"taxonomy":"post_tag","embeddable":true,"href":"https:\/\/rna.ao\/rna.ao\/wp-json\/wp\/v2\/tags?post=96229"}],"curies":[{"name":"wp","href":"https:\/\/api.w.org\/{rel}","templated":true}]}}