{"id":96226,"date":"2023-03-16T08:13:21","date_gmt":"2023-03-16T07:13:21","guid":{"rendered":"https:\/\/rna.ao\/rna.ao\/?p=96226"},"modified":"2023-03-16T08:13:21","modified_gmt":"2023-03-16T07:13:21","slug":"minsa-esclarece-provas-de-candidatos-com-notas-positivas-e-nao-admitidos-a-circular-nas-redes-sociais-sao-falsas","status":"publish","type":"post","link":"https:\/\/rna.ao\/rna.ao\/2023\/03\/16\/minsa-esclarece-provas-de-candidatos-com-notas-positivas-e-nao-admitidos-a-circular-nas-redes-sociais-sao-falsas\/","title":{"rendered":"MINSA esclarece: Provas de candidatos com notas positivas e n\u00e3o admitidos a circular nas redes sociais s\u00e3o falsas"},"content":{"rendered":"<p><img loading=\"lazy\" class=\"size-full wp-image-11669 alignleft\" src=\"https:\/\/rna.ao\/rna.ao\/wp-content\/uploads\/2020\/11\/Baptista-Monteiro-MINSA.jpg\" alt=\"\" width=\"304\" height=\"204\" \/>O Minist\u00e9rio da Sa\u00fade esclareceu a quest\u00e3o dos resultados do Concurso p\u00fablico, que est\u00e3o a ser veiculadas nas redes sociais. O Director dos Recursos Humanos do Minist\u00e9rio da Sa\u00fade, Baptista Monteiro, afirmou que as notas com positivas apresentadas pelos candidatos que n\u00e3o foram admitidos,\u00a0 s\u00e3o falsas. Clique, no \u00e1udio abaixo, e saiba mais com a rep\u00f3rter Carolina Rodrigues:<\/p>\n\t<div class=\"qtmplayer-playlist-large\">\n\t\t<ul class=\"qtmplayer-playlist\">\n\t\t\t\n\t\t\t\t\t<li class=\"qtmplayer-trackitem\">\n\t\t<img src=\"https:\/\/rna.ao\/rna.ao\/wp-content\/uploads\/2020\/11\/Baptista-Monteiro-MINSA-100x100.jpg\" alt=\"cover\">\t\t<span \t\t\tdata-qtmplayer-cover=\"https:\/\/rna.ao\/rna.ao\/wp-content\/uploads\/2020\/11\/Baptista-Monteiro-MINSA.jpg\"\n\t\t\t\t\t\tdata-qtmplayer-file=\"https:\/\/rna.ao\/rna.ao\/wp-content\/uploads\/2023\/03\/CAROLINA-RODRIGUES-07-HRS.mp3\"\n\t\t\t\t\t\tdata-qtmplayer-title=\"MINSA esclarece: Provas de candidatos com notas positivas e n\u00e3o admitidos a circular nas redes sociais s\u00e3o falsas\"\n\t\t\t\t\t\tdata-qtmplayer-artist=\"RNA\"\n\t\t\t\t\t\tdata-qtmplayer-link=\"https:\/\/rna.ao\/rna.ao\/2023\/03\/16\/minsa-esclarece-provas-de-candidatos-com-notas-positivas-e-nao-admitidos-a-circular-nas-redes-sociais-sao-falsas\/\"\n\t\t\t\t\t\tdata-qtmplayer-icon=\"file_download\"\n\t\t\t\t\t\tdata-qtmplayer-type=\"track\"\n\t\t\t class=\"qtmplayer-play qtmplayer-link-sec qtmplayer-play-btn\"><i class='material-icons'>play_arrow<\/i><\/span>\n\t\t<p>\n\t\t\t<span class=\"qtmplayer-tit\">MINSA esclarece: Provas de candidatos com notas positivas e n\u00e3o admitidos a circular nas redes sociais s\u00e3o falsas<\/span>\n\t\t\t<span class=\"qtmplayer-art\">RNA<\/span>\n\t\t<\/p>\n\t<\/li>\n\t\t<\/ul>\n\t<\/div>\t\t\t\n\t\n<p>Fonte: RNA<\/p>\n","protected":false},"excerpt":{"rendered":"<p>O Minist\u00e9rio da Sa\u00fade esclareceu a quest\u00e3o dos resultados do Concurso p\u00fablico, que est\u00e3o a ser veiculadas nas redes sociais. O Director dos Recursos Humanos do Minist\u00e9rio da Sa\u00fade, Baptista Monteiro, afirmou que as notas com positivas apresentadas pelos candidatos que n\u00e3o foram admitidos,\u00a0 s\u00e3o falsas. Clique, no \u00e1udio abaixo, ...<\/p>\n","protected":false},"author":8,"featured_media":11669,"comment_status":"closed","ping_status":"closed","sticky":false,"template":"","format":"standard","meta":[],"categories":[142,121,163],"tags":[],"_links":{"self":[{"href":"https:\/\/rna.ao\/rna.ao\/wp-json\/wp\/v2\/posts\/96226"}],"collection":[{"href":"https:\/\/rna.ao\/rna.ao\/wp-json\/wp\/v2\/posts"}],"about":[{"href":"https:\/\/rna.ao\/rna.ao\/wp-json\/wp\/v2\/types\/post"}],"author":[{"embeddable":true,"href":"https:\/\/rna.ao\/rna.ao\/wp-json\/wp\/v2\/users\/8"}],"replies":[{"embeddable":true,"href":"https:\/\/rna.ao\/rna.ao\/wp-json\/wp\/v2\/comments?post=96226"}],"version-history":[{"count":1,"href":"https:\/\/rna.ao\/rna.ao\/wp-json\/wp\/v2\/posts\/96226\/revisions"}],"predecessor-version":[{"id":96228,"href":"https:\/\/rna.ao\/rna.ao\/wp-json\/wp\/v2\/posts\/96226\/revisions\/96228"}],"wp:featuredmedia":[{"embeddable":true,"href":"https:\/\/rna.ao\/rna.ao\/wp-json\/wp\/v2\/media\/11669"}],"wp:attachment":[{"href":"https:\/\/rna.ao\/rna.ao\/wp-json\/wp\/v2\/media?parent=96226"}],"wp:term":[{"taxonomy":"category","embeddable":true,"href":"https:\/\/rna.ao\/rna.ao\/wp-json\/wp\/v2\/categories?post=96226"},{"taxonomy":"post_tag","embeddable":true,"href":"https:\/\/rna.ao\/rna.ao\/wp-json\/wp\/v2\/tags?post=96226"}],"curies":[{"name":"wp","href":"https:\/\/api.w.org\/{rel}","templated":true}]}}