{"id":96198,"date":"2023-03-16T07:39:22","date_gmt":"2023-03-16T06:39:22","guid":{"rendered":"https:\/\/rna.ao\/rna.ao\/?p=96198"},"modified":"2023-03-16T07:39:22","modified_gmt":"2023-03-16T06:39:22","slug":"abate-ilegal-de-arvores-aumenta-no-municipio-de-belas-para-a-producao-de-carvao","status":"publish","type":"post","link":"https:\/\/rna.ao\/rna.ao\/2023\/03\/16\/abate-ilegal-de-arvores-aumenta-no-municipio-de-belas-para-a-producao-de-carvao\/","title":{"rendered":"Abate ilegal de \u00e1rvores aumenta no Munic\u00edpio de Belas para a produ\u00e7\u00e3o de carv\u00e3o"},"content":{"rendered":"<p><img loading=\"lazy\" class=\"size-medium wp-image-96215 aligncenter\" src=\"https:\/\/rna.ao\/rna.ao\/wp-content\/uploads\/2023\/03\/327001731_6223773004310926_2309340153176278031_n-770x355.jpg\" alt=\"\" width=\"770\" height=\"355\" srcset=\"https:\/\/rna.ao\/rna.ao\/wp-content\/uploads\/2023\/03\/327001731_6223773004310926_2309340153176278031_n-770x355.jpg 770w, https:\/\/rna.ao\/rna.ao\/wp-content\/uploads\/2023\/03\/327001731_6223773004310926_2309340153176278031_n-768x354.jpg 768w, https:\/\/rna.ao\/rna.ao\/wp-content\/uploads\/2023\/03\/327001731_6223773004310926_2309340153176278031_n.jpg 960w\" sizes=\"(max-width: 770px) 100vw, 770px\" \/>Cresce, a cada dia, o abate ilegal de \u00e1rvores no Munic\u00edpio de Belas, concretamente na Comuna da Barra do Kwanza. O cen\u00e1rio preocupa a Administra\u00e7\u00e3o local, que j\u00e1 trabalha para mudan\u00e7a do quadro.<\/p>\n<p>De acordo com o Administrador Comunal, D\u00edlcio Ramos, muitos dos infratores abatem as \u00e1rvores com o fim da produ\u00e7\u00e3o de carv\u00e3o. Clique no \u00e1udio e ou\u00e7a:<\/p>\n\t<div class=\"qtmplayer-playlist-large\">\n\t\t<ul class=\"qtmplayer-playlist\">\n\t\t\t\n\t\t\t\t\t<li class=\"qtmplayer-trackitem\">\n\t\t<img src=\"https:\/\/rna.ao\/rna.ao\/wp-content\/uploads\/2023\/03\/carvao-100x100.jpg\" alt=\"cover\">\t\t<span \t\t\tdata-qtmplayer-cover=\"https:\/\/rna.ao\/rna.ao\/wp-content\/uploads\/2023\/03\/carvao.jpg\"\n\t\t\t\t\t\tdata-qtmplayer-file=\"https:\/\/rna.ao\/rna.ao\/wp-content\/uploads\/2023\/03\/DILCIO-RAMOS-1.mp3\"\n\t\t\t\t\t\tdata-qtmplayer-title=\"Abate ilegal de \u00e1rvores aumenta no Munic\u00edpio de Belas para a produ\u00e7\u00e3o de carv\u00e3o\"\n\t\t\t\t\t\tdata-qtmplayer-artist=\"RNA\"\n\t\t\t\t\t\tdata-qtmplayer-link=\"https:\/\/rna.ao\/rna.ao\/2023\/03\/16\/abate-ilegal-de-arvores-aumenta-no-municipio-de-belas-para-a-producao-de-carvao\/\"\n\t\t\t\t\t\tdata-qtmplayer-icon=\"file_download\"\n\t\t\t\t\t\tdata-qtmplayer-type=\"track\"\n\t\t\t class=\"qtmplayer-play qtmplayer-link-sec qtmplayer-play-btn\"><i class='material-icons'>play_arrow<\/i><\/span>\n\t\t<p>\n\t\t\t<span class=\"qtmplayer-tit\">Abate ilegal de \u00e1rvores aumenta no Munic\u00edpio de Belas para a produ\u00e7\u00e3o de carv\u00e3o<\/span>\n\t\t\t<span class=\"qtmplayer-art\">RNA<\/span>\n\t\t<\/p>\n\t<\/li>\n\t\t<\/ul>\n\t<\/div>\t\t\t\n\t\n<p>O Administrador da Comuna da Barra do Kwanza mostra-se ainda preocupando, com crescente n\u00famero de invasores de terras na sua circunscri\u00e7\u00e3o. D\u00edlcio Ramos garante trabalho cerrado, para acabar com os invasores. Clique no \u00e1udio e ou\u00e7a:<\/p>\n\t<div class=\"qtmplayer-playlist-large\">\n\t\t<ul class=\"qtmplayer-playlist\">\n\t\t\t\n\t\t\t\t\t<li class=\"qtmplayer-trackitem\">\n\t\t<img src=\"https:\/\/rna.ao\/rna.ao\/wp-content\/uploads\/2023\/03\/carvao-100x100.jpg\" alt=\"cover\">\t\t<span \t\t\tdata-qtmplayer-cover=\"https:\/\/rna.ao\/rna.ao\/wp-content\/uploads\/2023\/03\/carvao.jpg\"\n\t\t\t\t\t\tdata-qtmplayer-file=\"https:\/\/rna.ao\/rna.ao\/wp-content\/uploads\/2023\/03\/DILCIO-RAMOS-2.mp3\"\n\t\t\t\t\t\tdata-qtmplayer-title=\"Abate ilegal de \u00e1rvores aumenta no Munic\u00edpio de Belas para a produ\u00e7\u00e3o de carv\u00e3o\"\n\t\t\t\t\t\tdata-qtmplayer-artist=\"RNA\"\n\t\t\t\t\t\tdata-qtmplayer-link=\"https:\/\/rna.ao\/rna.ao\/2023\/03\/16\/abate-ilegal-de-arvores-aumenta-no-municipio-de-belas-para-a-producao-de-carvao\/\"\n\t\t\t\t\t\tdata-qtmplayer-icon=\"file_download\"\n\t\t\t\t\t\tdata-qtmplayer-type=\"track\"\n\t\t\t class=\"qtmplayer-play qtmplayer-link-sec qtmplayer-play-btn\"><i class='material-icons'>play_arrow<\/i><\/span>\n\t\t<p>\n\t\t\t<span class=\"qtmplayer-tit\">Abate ilegal de \u00e1rvores aumenta no Munic\u00edpio de Belas para a produ\u00e7\u00e3o de carv\u00e3o<\/span>\n\t\t\t<span class=\"qtmplayer-art\">RNA<\/span>\n\t\t<\/p>\n\t<\/li>\n\t\t<\/ul>\n\t<\/div>\t\t\t\n\t\n<p>Fonte: R\u00e1dio Luanda\/RNA<\/p>\n","protected":false},"excerpt":{"rendered":"<p>Cresce, a cada dia, o abate ilegal de \u00e1rvores no Munic\u00edpio de Belas, concretamente na Comuna da Barra do Kwanza. O cen\u00e1rio preocupa a Administra\u00e7\u00e3o local, que j\u00e1 trabalha para mudan\u00e7a do quadro. De acordo com o Administrador Comunal, D\u00edlcio Ramos, muitos dos infratores abatem as \u00e1rvores com o fim ...<\/p>\n","protected":false},"author":8,"featured_media":96216,"comment_status":"closed","ping_status":"closed","sticky":false,"template":"","format":"standard","meta":[],"categories":[141,133],"tags":[],"_links":{"self":[{"href":"https:\/\/rna.ao\/rna.ao\/wp-json\/wp\/v2\/posts\/96198"}],"collection":[{"href":"https:\/\/rna.ao\/rna.ao\/wp-json\/wp\/v2\/posts"}],"about":[{"href":"https:\/\/rna.ao\/rna.ao\/wp-json\/wp\/v2\/types\/post"}],"author":[{"embeddable":true,"href":"https:\/\/rna.ao\/rna.ao\/wp-json\/wp\/v2\/users\/8"}],"replies":[{"embeddable":true,"href":"https:\/\/rna.ao\/rna.ao\/wp-json\/wp\/v2\/comments?post=96198"}],"version-history":[{"count":1,"href":"https:\/\/rna.ao\/rna.ao\/wp-json\/wp\/v2\/posts\/96198\/revisions"}],"predecessor-version":[{"id":96217,"href":"https:\/\/rna.ao\/rna.ao\/wp-json\/wp\/v2\/posts\/96198\/revisions\/96217"}],"wp:featuredmedia":[{"embeddable":true,"href":"https:\/\/rna.ao\/rna.ao\/wp-json\/wp\/v2\/media\/96216"}],"wp:attachment":[{"href":"https:\/\/rna.ao\/rna.ao\/wp-json\/wp\/v2\/media?parent=96198"}],"wp:term":[{"taxonomy":"category","embeddable":true,"href":"https:\/\/rna.ao\/rna.ao\/wp-json\/wp\/v2\/categories?post=96198"},{"taxonomy":"post_tag","embeddable":true,"href":"https:\/\/rna.ao\/rna.ao\/wp-json\/wp\/v2\/tags?post=96198"}],"curies":[{"name":"wp","href":"https:\/\/api.w.org\/{rel}","templated":true}]}}