{"id":96156,"date":"2023-03-15T14:51:32","date_gmt":"2023-03-15T13:51:32","guid":{"rendered":"https:\/\/rna.ao\/rna.ao\/?p=96156"},"modified":"2023-03-15T14:51:32","modified_gmt":"2023-03-15T13:51:32","slug":"banco-bic-e-radio-nacional-de-angola-assinam-acordo-de-parceria","status":"publish","type":"post","link":"https:\/\/rna.ao\/rna.ao\/2023\/03\/15\/banco-bic-e-radio-nacional-de-angola-assinam-acordo-de-parceria\/","title":{"rendered":"Banco BIC e R\u00e1dio Nacional de Angola assinam  acordo de parceria"},"content":{"rendered":"<p><img loading=\"lazy\" class=\"alignnone size-medium wp-image-96158\" src=\"https:\/\/rna.ao\/rna.ao\/wp-content\/uploads\/2023\/03\/438DFDB6-1D70-4AB8-9C91-3C7B83DE1CCB-770x513.jpeg\" alt=\"\" width=\"770\" height=\"513\" srcset=\"https:\/\/rna.ao\/rna.ao\/wp-content\/uploads\/2023\/03\/438DFDB6-1D70-4AB8-9C91-3C7B83DE1CCB-770x513.jpeg 770w, https:\/\/rna.ao\/rna.ao\/wp-content\/uploads\/2023\/03\/438DFDB6-1D70-4AB8-9C91-3C7B83DE1CCB-768x512.jpeg 768w, https:\/\/rna.ao\/rna.ao\/wp-content\/uploads\/2023\/03\/438DFDB6-1D70-4AB8-9C91-3C7B83DE1CCB.jpeg 1024w\" sizes=\"(max-width: 770px) 100vw, 770px\" \/><br \/>\nO Banco BIC e a R\u00e1dio Nacional de Angola assinaram hoje um acordo de parceria estrat\u00e9gica.<\/p>\n<p>O objectivo \u00e9 contribuir para uma nova abordagem dos assuntos ligados a economia e as finan\u00e7as, com a realiza\u00e7\u00e3o de eventos e programas radiof\u00f4nicos.<\/p>\n<p>Jornalista Mal\u00faa de Almeida. Clique no \u00e1udio abaixo e ou\u00e7a ;<\/p>\n\t<div class=\"qtmplayer-playlist-large\">\n\t\t<ul class=\"qtmplayer-playlist\">\n\t\t\t\n\t\t\t\t\t<li class=\"qtmplayer-trackitem\">\n\t\t<img src=\"https:\/\/rna.ao\/rna.ao\/wp-content\/uploads\/2023\/03\/23EC27C7-A84A-4082-9EE5-53A22DD28A86-100x100.jpeg\" alt=\"cover\">\t\t<span \t\t\tdata-qtmplayer-cover=\"https:\/\/rna.ao\/rna.ao\/wp-content\/uploads\/2023\/03\/23EC27C7-A84A-4082-9EE5-53A22DD28A86-370x370.jpeg\"\n\t\t\t\t\t\tdata-qtmplayer-file=\"https:\/\/rna.ao\/rna.ao\/wp-content\/uploads\/2023\/03\/MALUA-DE-ALMEIDA-13HRS-1.mp3\"\n\t\t\t\t\t\tdata-qtmplayer-title=\"Banco BIC e R\u00e1dio Nacional de Angola assinam  acordo de parceria\"\n\t\t\t\t\t\tdata-qtmplayer-artist=\"Carla\"\n\t\t\t\t\t\tdata-qtmplayer-link=\"https:\/\/rna.ao\/rna.ao\/2023\/03\/15\/banco-bic-e-radio-nacional-de-angola-assinam-acordo-de-parceria\/\"\n\t\t\t\t\t\tdata-qtmplayer-icon=\"file_download\"\n\t\t\t\t\t\tdata-qtmplayer-type=\"track\"\n\t\t\t class=\"qtmplayer-play qtmplayer-link-sec qtmplayer-play-btn\"><i class='material-icons'>play_arrow<\/i><\/span>\n\t\t<p>\n\t\t\t<span class=\"qtmplayer-tit\">Banco BIC e R\u00e1dio Nacional de Angola assinam  acordo de parceria<\/span>\n\t\t\t<span class=\"qtmplayer-art\">Carla<\/span>\n\t\t<\/p>\n\t<\/li>\n\t\t<\/ul>\n\t<\/div>\t\t\t\n\t\n","protected":false},"excerpt":{"rendered":"<p>O Banco BIC e a R\u00e1dio Nacional de Angola assinaram hoje um acordo de parceria estrat\u00e9gica. O objectivo \u00e9 contribuir para uma nova abordagem dos assuntos ligados a economia e as finan\u00e7as, com a realiza\u00e7\u00e3o de eventos e programas radiof\u00f4nicos. Jornalista Mal\u00faa de Almeida. Clique no \u00e1udio abaixo e ou\u00e7a ...<\/p>\n","protected":false},"author":10,"featured_media":96159,"comment_status":"closed","ping_status":"closed","sticky":false,"template":"","format":"standard","meta":[],"categories":[142,121,163],"tags":[],"_links":{"self":[{"href":"https:\/\/rna.ao\/rna.ao\/wp-json\/wp\/v2\/posts\/96156"}],"collection":[{"href":"https:\/\/rna.ao\/rna.ao\/wp-json\/wp\/v2\/posts"}],"about":[{"href":"https:\/\/rna.ao\/rna.ao\/wp-json\/wp\/v2\/types\/post"}],"author":[{"embeddable":true,"href":"https:\/\/rna.ao\/rna.ao\/wp-json\/wp\/v2\/users\/10"}],"replies":[{"embeddable":true,"href":"https:\/\/rna.ao\/rna.ao\/wp-json\/wp\/v2\/comments?post=96156"}],"version-history":[{"count":1,"href":"https:\/\/rna.ao\/rna.ao\/wp-json\/wp\/v2\/posts\/96156\/revisions"}],"predecessor-version":[{"id":96160,"href":"https:\/\/rna.ao\/rna.ao\/wp-json\/wp\/v2\/posts\/96156\/revisions\/96160"}],"wp:featuredmedia":[{"embeddable":true,"href":"https:\/\/rna.ao\/rna.ao\/wp-json\/wp\/v2\/media\/96159"}],"wp:attachment":[{"href":"https:\/\/rna.ao\/rna.ao\/wp-json\/wp\/v2\/media?parent=96156"}],"wp:term":[{"taxonomy":"category","embeddable":true,"href":"https:\/\/rna.ao\/rna.ao\/wp-json\/wp\/v2\/categories?post=96156"},{"taxonomy":"post_tag","embeddable":true,"href":"https:\/\/rna.ao\/rna.ao\/wp-json\/wp\/v2\/tags?post=96156"}],"curies":[{"name":"wp","href":"https:\/\/api.w.org\/{rel}","templated":true}]}}