{"id":96117,"date":"2023-03-15T10:05:02","date_gmt":"2023-03-15T09:05:02","guid":{"rendered":"https:\/\/rna.ao\/rna.ao\/?p=96117"},"modified":"2023-03-15T10:05:02","modified_gmt":"2023-03-15T09:05:02","slug":"projeto-terra-do-futuro-no-kwanza-sul-sul-vai-receber-mais-investimentos-para-relancar-a-producao-agricola","status":"publish","type":"post","link":"https:\/\/rna.ao\/rna.ao\/2023\/03\/15\/projeto-terra-do-futuro-no-kwanza-sul-sul-vai-receber-mais-investimentos-para-relancar-a-producao-agricola\/","title":{"rendered":"Projeto terra do futuro no Kwanza sul-Sul vai receber mais investimentos para relan\u00e7ar a produ\u00e7\u00e3o agr\u00edcola\u00a0"},"content":{"rendered":"<p><img loading=\"lazy\" class=\"alignnone size-medium wp-image-37399\" src=\"https:\/\/rna.ao\/rna.ao\/wp-content\/uploads\/2021\/09\/Uso-de-fertilizantes-agricolas-770x389.jpg\" alt=\"\" width=\"770\" height=\"389\" srcset=\"https:\/\/rna.ao\/rna.ao\/wp-content\/uploads\/2021\/09\/Uso-de-fertilizantes-agricolas-770x389.jpg 770w, https:\/\/rna.ao\/rna.ao\/wp-content\/uploads\/2021\/09\/Uso-de-fertilizantes-agricolas-768x388.jpg 768w, https:\/\/rna.ao\/rna.ao\/wp-content\/uploads\/2021\/09\/Uso-de-fertilizantes-agricolas.jpg 799w\" sizes=\"(max-width: 770px) 100vw, 770px\" \/><\/p>\n<p style=\"font-weight: 400;\">O projecto terra do futuro no Kwanza-Sul, vai ser apoiado pelo minist\u00e9rio da agricultura e florestas.<\/p>\n<p style=\"font-weight: 400;\">Este apoio passa fundamentalmente pela recupera\u00e7\u00e3o do projeto alimentar do munic\u00edpio da Quibala.<\/p>\n<p style=\"font-weight: 400;\">O anuncio foi feito pelo ministro da agricultura e florestas, que avaliou na regi\u00e3o a operacionalidade do projecto.<\/p>\n<p style=\"font-weight: 400;\">Jornalista Avelino palanca. Clique no \u00e1udio abaixo e ou\u00e7a:<\/p>\n\t<div class=\"qtmplayer-playlist-large\">\n\t\t<ul class=\"qtmplayer-playlist\">\n\t\t\t\n\t\t\t\t\t<li class=\"qtmplayer-trackitem\">\n\t\t<img src=\"https:\/\/rna.ao\/rna.ao\/wp-content\/uploads\/2021\/07\/Campanha-agricola-100x100.jpg\" alt=\"cover\">\t\t<span \t\t\tdata-qtmplayer-cover=\"https:\/\/rna.ao\/rna.ao\/wp-content\/uploads\/2021\/07\/Campanha-agricola.jpg\"\n\t\t\t\t\t\tdata-qtmplayer-file=\"https:\/\/rna.ao\/rna.ao\/wp-content\/uploads\/2023\/03\/KWANZA-SUL-PROJECTO-TERRA-DO-FUTURO-07HRS.mp3\"\n\t\t\t\t\t\tdata-qtmplayer-title=\"Projeto terra do futuro no Kwanza sul-Sul vai receber mais investimentos para relan\u00e7ar a produ\u00e7\u00e3o agr\u00edcola\u00a0\"\n\t\t\t\t\t\tdata-qtmplayer-artist=\"Carla\"\n\t\t\t\t\t\tdata-qtmplayer-link=\"https:\/\/rna.ao\/rna.ao\/2023\/03\/15\/projeto-terra-do-futuro-no-kwanza-sul-sul-vai-receber-mais-investimentos-para-relancar-a-producao-agricola\/\"\n\t\t\t\t\t\tdata-qtmplayer-icon=\"file_download\"\n\t\t\t\t\t\tdata-qtmplayer-type=\"track\"\n\t\t\t class=\"qtmplayer-play qtmplayer-link-sec qtmplayer-play-btn\"><i class='material-icons'>play_arrow<\/i><\/span>\n\t\t<p>\n\t\t\t<span class=\"qtmplayer-tit\">Projeto terra do futuro no Kwanza sul-Sul vai receber mais investimentos para relan\u00e7ar a produ\u00e7\u00e3o agr\u00edcola\u00a0<\/span>\n\t\t\t<span class=\"qtmplayer-art\">Carla<\/span>\n\t\t<\/p>\n\t<\/li>\n\t\t<\/ul>\n\t<\/div>\t\t\t\n\t\n<p style=\"font-weight: 400;\">\n<p>&nbsp;<\/p>\n","protected":false},"excerpt":{"rendered":"<p>O projecto terra do futuro no Kwanza-Sul, vai ser apoiado pelo minist\u00e9rio da agricultura e florestas. Este apoio passa fundamentalmente pela recupera\u00e7\u00e3o do projeto alimentar do munic\u00edpio da Quibala. O anuncio foi feito pelo ministro da agricultura e florestas, que avaliou na regi\u00e3o a operacionalidade do projecto. Jornalista Avelino palanca. ...<\/p>\n","protected":false},"author":10,"featured_media":30544,"comment_status":"closed","ping_status":"closed","sticky":false,"template":"","format":"standard","meta":[],"categories":[142,121],"tags":[],"_links":{"self":[{"href":"https:\/\/rna.ao\/rna.ao\/wp-json\/wp\/v2\/posts\/96117"}],"collection":[{"href":"https:\/\/rna.ao\/rna.ao\/wp-json\/wp\/v2\/posts"}],"about":[{"href":"https:\/\/rna.ao\/rna.ao\/wp-json\/wp\/v2\/types\/post"}],"author":[{"embeddable":true,"href":"https:\/\/rna.ao\/rna.ao\/wp-json\/wp\/v2\/users\/10"}],"replies":[{"embeddable":true,"href":"https:\/\/rna.ao\/rna.ao\/wp-json\/wp\/v2\/comments?post=96117"}],"version-history":[{"count":1,"href":"https:\/\/rna.ao\/rna.ao\/wp-json\/wp\/v2\/posts\/96117\/revisions"}],"predecessor-version":[{"id":96120,"href":"https:\/\/rna.ao\/rna.ao\/wp-json\/wp\/v2\/posts\/96117\/revisions\/96120"}],"wp:featuredmedia":[{"embeddable":true,"href":"https:\/\/rna.ao\/rna.ao\/wp-json\/wp\/v2\/media\/30544"}],"wp:attachment":[{"href":"https:\/\/rna.ao\/rna.ao\/wp-json\/wp\/v2\/media?parent=96117"}],"wp:term":[{"taxonomy":"category","embeddable":true,"href":"https:\/\/rna.ao\/rna.ao\/wp-json\/wp\/v2\/categories?post=96117"},{"taxonomy":"post_tag","embeddable":true,"href":"https:\/\/rna.ao\/rna.ao\/wp-json\/wp\/v2\/tags?post=96117"}],"curies":[{"name":"wp","href":"https:\/\/api.w.org\/{rel}","templated":true}]}}