{"id":96096,"date":"2023-03-15T09:02:33","date_gmt":"2023-03-15T08:02:33","guid":{"rendered":"https:\/\/rna.ao\/rna.ao\/?p=96096"},"modified":"2023-03-15T09:20:58","modified_gmt":"2023-03-15T08:20:58","slug":"angola-e-japao-manifestam-desejo-de-um-intercambio-cultural-entre-os-dois-paises","status":"publish","type":"post","link":"https:\/\/rna.ao\/rna.ao\/2023\/03\/15\/angola-e-japao-manifestam-desejo-de-um-intercambio-cultural-entre-os-dois-paises\/","title":{"rendered":"Angola e Jap\u00e3o manifestam desejo de um interc\u00e2mbio cultural entre os dois pa\u00edses"},"content":{"rendered":"<p><img loading=\"lazy\" class=\"alignnone  wp-image-96107\" src=\"https:\/\/rna.ao\/rna.ao\/wp-content\/uploads\/2023\/03\/joao-11-770x440.jpg\" alt=\"\" width=\"534\" height=\"305\" srcset=\"https:\/\/rna.ao\/rna.ao\/wp-content\/uploads\/2023\/03\/joao-11-770x440.jpg 770w, https:\/\/rna.ao\/rna.ao\/wp-content\/uploads\/2023\/03\/joao-11-768x438.jpg 768w, https:\/\/rna.ao\/rna.ao\/wp-content\/uploads\/2023\/03\/joao-11.jpg 1079w\" sizes=\"(max-width: 534px) 100vw, 534px\" \/><\/p>\n<p>Angola e o Jap\u00e3o manifestaram o desejo de um interc\u00e2mbio cultural entre os dois pa\u00edses.<\/p>\n<p>No \u00faltimo dia da sua visita ao Jap\u00e3o, Jo\u00e3o Louren\u00e7o, est\u00e1 em Kyoto depois de ter estado nas cidades de T\u00f3quio e Nagoya.<\/p>\n<p>A agenda do presidente da Rep\u00fablica nesta cidade tem cariz cultural.<\/p>\n<p>Kyoto \u00e9 o ponto tur\u00edstico mais famoso do Jap\u00e3o e \u00e9 onde est\u00e1 a jornalista V\u00e2nia Varela. Clique no \u00e1udio abaixo e ou\u00e7a<\/p>\n\t<div class=\"qtmplayer-playlist-large\">\n\t\t<ul class=\"qtmplayer-playlist\">\n\t\t\t\n\t\t\t\t\t<li class=\"qtmplayer-trackitem\">\n\t\t<img src=\"https:\/\/rna.ao\/rna.ao\/wp-content\/uploads\/2023\/03\/2f2c0733-c5af-4d38-9ce6-6e07f6ceb4c9-e1678868437947-100x100.jpg\" alt=\"cover\">\t\t<span \t\t\tdata-qtmplayer-cover=\"https:\/\/rna.ao\/rna.ao\/wp-content\/uploads\/2023\/03\/2f2c0733-c5af-4d38-9ce6-6e07f6ceb4c9-e1678868437947-370x370.jpg\"\n\t\t\t\t\t\tdata-qtmplayer-file=\"https:\/\/rna.ao\/rna.ao\/wp-content\/uploads\/2023\/03\/VANIA-VARELA-07HRS-3.mp3\"\n\t\t\t\t\t\tdata-qtmplayer-title=\"Angola e Jap\u00e3o manifestam desejo de um interc\u00e2mbio cultural entre os dois pa\u00edses\"\n\t\t\t\t\t\tdata-qtmplayer-artist=\"Carla\"\n\t\t\t\t\t\tdata-qtmplayer-link=\"https:\/\/rna.ao\/rna.ao\/2023\/03\/15\/angola-e-japao-manifestam-desejo-de-um-intercambio-cultural-entre-os-dois-paises\/\"\n\t\t\t\t\t\tdata-qtmplayer-icon=\"file_download\"\n\t\t\t\t\t\tdata-qtmplayer-type=\"track\"\n\t\t\t class=\"qtmplayer-play qtmplayer-link-sec qtmplayer-play-btn\"><i class='material-icons'>play_arrow<\/i><\/span>\n\t\t<p>\n\t\t\t<span class=\"qtmplayer-tit\">Angola e Jap\u00e3o manifestam desejo de um interc\u00e2mbio cultural entre os dois pa\u00edses<\/span>\n\t\t\t<span class=\"qtmplayer-art\">Carla<\/span>\n\t\t<\/p>\n\t<\/li>\n\t\t<\/ul>\n\t<\/div>\t\t\t\n\t\n<p>&nbsp;<\/p>\n","protected":false},"excerpt":{"rendered":"<p>Angola e o Jap\u00e3o manifestaram o desejo de um interc\u00e2mbio cultural entre os dois pa\u00edses. No \u00faltimo dia da sua visita ao Jap\u00e3o, Jo\u00e3o Louren\u00e7o, est\u00e1 em Kyoto depois de ter estado nas cidades de T\u00f3quio e Nagoya. A agenda do presidente da Rep\u00fablica nesta cidade tem cariz cultural. Kyoto ...<\/p>\n","protected":false},"author":10,"featured_media":96098,"comment_status":"closed","ping_status":"closed","sticky":false,"template":"","format":"standard","meta":[],"categories":[142,121,163],"tags":[],"_links":{"self":[{"href":"https:\/\/rna.ao\/rna.ao\/wp-json\/wp\/v2\/posts\/96096"}],"collection":[{"href":"https:\/\/rna.ao\/rna.ao\/wp-json\/wp\/v2\/posts"}],"about":[{"href":"https:\/\/rna.ao\/rna.ao\/wp-json\/wp\/v2\/types\/post"}],"author":[{"embeddable":true,"href":"https:\/\/rna.ao\/rna.ao\/wp-json\/wp\/v2\/users\/10"}],"replies":[{"embeddable":true,"href":"https:\/\/rna.ao\/rna.ao\/wp-json\/wp\/v2\/comments?post=96096"}],"version-history":[{"count":3,"href":"https:\/\/rna.ao\/rna.ao\/wp-json\/wp\/v2\/posts\/96096\/revisions"}],"predecessor-version":[{"id":96109,"href":"https:\/\/rna.ao\/rna.ao\/wp-json\/wp\/v2\/posts\/96096\/revisions\/96109"}],"wp:featuredmedia":[{"embeddable":true,"href":"https:\/\/rna.ao\/rna.ao\/wp-json\/wp\/v2\/media\/96098"}],"wp:attachment":[{"href":"https:\/\/rna.ao\/rna.ao\/wp-json\/wp\/v2\/media?parent=96096"}],"wp:term":[{"taxonomy":"category","embeddable":true,"href":"https:\/\/rna.ao\/rna.ao\/wp-json\/wp\/v2\/categories?post=96096"},{"taxonomy":"post_tag","embeddable":true,"href":"https:\/\/rna.ao\/rna.ao\/wp-json\/wp\/v2\/tags?post=96096"}],"curies":[{"name":"wp","href":"https:\/\/api.w.org\/{rel}","templated":true}]}}