{"id":96081,"date":"2023-03-14T13:56:30","date_gmt":"2023-03-14T12:56:30","guid":{"rendered":"https:\/\/rna.ao\/rna.ao\/?p=96081"},"modified":"2023-03-14T13:56:30","modified_gmt":"2023-03-14T12:56:30","slug":"mobilidade-na-cplp-cidadaos-com-vistos-emitidos-pelos-consulados-portugueses-podem-obter-autorizacao-de-residencia","status":"publish","type":"post","link":"https:\/\/rna.ao\/rna.ao\/2023\/03\/14\/mobilidade-na-cplp-cidadaos-com-vistos-emitidos-pelos-consulados-portugueses-podem-obter-autorizacao-de-residencia\/","title":{"rendered":"Mobilidade na CPLP: Cidad\u00e3os com vistos emitidos pelos consulados portugueses podem obter autoriza\u00e7\u00e3o de resid\u00eancia"},"content":{"rendered":"<p><img loading=\"lazy\" class=\"size-medium wp-image-96084 aligncenter\" src=\"https:\/\/rna.ao\/rna.ao\/wp-content\/uploads\/2023\/03\/sef-novas-regras-1-1024x576-1-770x433.jpg\" alt=\"\" width=\"770\" height=\"433\" srcset=\"https:\/\/rna.ao\/rna.ao\/wp-content\/uploads\/2023\/03\/sef-novas-regras-1-1024x576-1-770x433.jpg 770w, https:\/\/rna.ao\/rna.ao\/wp-content\/uploads\/2023\/03\/sef-novas-regras-1-1024x576-1-768x432.jpg 768w, https:\/\/rna.ao\/rna.ao\/wp-content\/uploads\/2023\/03\/sef-novas-regras-1-1024x576-1.jpg 1024w\" sizes=\"(max-width: 770px) 100vw, 770px\" \/>Os cidad\u00e3os da CPLP que a partir de agora pretendam ir \u00e0 Portugal n\u00e3o necessitam de estabelecer qualquer contacto, com o Servi\u00e7o de Estrangeiros e Fronteira (SEF). Bastar\u00e1 apenas se deslocar \u00e0s representa\u00e7\u00f5es consulares portuguesas, nos pa\u00edses de origem para obter o visto para Portugal.<\/p>\n<p>Na segunda-feira, 13\/03, come\u00e7ou a vigorar, em Portugal, o Acordo de Mobilidade da CPLP, em que os imigrantes com processos pendentes j\u00e1 podem obter autoriza\u00e7\u00e3o de resid\u00eancia, de forma autom\u00e1tica. Ou\u00e7a, no \u00e1udio abaixo, o jornalista Manuel Esperan\u00e7a com mais desenvolvimento:<\/p>\n\t<div class=\"qtmplayer-playlist-large\">\n\t\t<ul class=\"qtmplayer-playlist\">\n\t\t\t\n\t\t\t\t\t<li class=\"qtmplayer-trackitem\">\n\t\t<img src=\"https:\/\/rna.ao\/rna.ao\/wp-content\/uploads\/2023\/03\/SEF-novas-regras-1-100x100.jpg\" alt=\"cover\">\t\t<span \t\t\tdata-qtmplayer-cover=\"https:\/\/rna.ao\/rna.ao\/wp-content\/uploads\/2023\/03\/SEF-novas-regras-1.jpg\"\n\t\t\t\t\t\tdata-qtmplayer-file=\"https:\/\/rna.ao\/rna.ao\/wp-content\/uploads\/2023\/03\/MANUEL-ESPERANCA-CPLP-13HRS.mp3\"\n\t\t\t\t\t\tdata-qtmplayer-title=\"Mobilidade na CPLP: Cidad\u00e3os com vistos emitidos pelos consulados portugueses podem obter autoriza\u00e7\u00e3o de resid\u00eancia\"\n\t\t\t\t\t\tdata-qtmplayer-artist=\"RNA\"\n\t\t\t\t\t\tdata-qtmplayer-link=\"https:\/\/rna.ao\/rna.ao\/2023\/03\/14\/mobilidade-na-cplp-cidadaos-com-vistos-emitidos-pelos-consulados-portugueses-podem-obter-autorizacao-de-residencia\/\"\n\t\t\t\t\t\tdata-qtmplayer-icon=\"file_download\"\n\t\t\t\t\t\tdata-qtmplayer-type=\"track\"\n\t\t\t class=\"qtmplayer-play qtmplayer-link-sec qtmplayer-play-btn\"><i class='material-icons'>play_arrow<\/i><\/span>\n\t\t<p>\n\t\t\t<span class=\"qtmplayer-tit\">Mobilidade na CPLP: Cidad\u00e3os com vistos emitidos pelos consulados portugueses podem obter autoriza\u00e7\u00e3o de resid\u00eancia<\/span>\n\t\t\t<span class=\"qtmplayer-art\">RNA<\/span>\n\t\t<\/p>\n\t<\/li>\n\t\t<\/ul>\n\t<\/div>\t\t\t\n\t\n<p>Fonte: RNA<\/p>\n","protected":false},"excerpt":{"rendered":"<p>Os cidad\u00e3os da CPLP que a partir de agora pretendam ir \u00e0 Portugal n\u00e3o necessitam de estabelecer qualquer contacto, com o Servi\u00e7o de Estrangeiros e Fronteira (SEF). Bastar\u00e1 apenas se deslocar \u00e0s representa\u00e7\u00f5es consulares portuguesas, nos pa\u00edses de origem para obter o visto para Portugal. Na segunda-feira, 13\/03, come\u00e7ou a ...<\/p>\n","protected":false},"author":8,"featured_media":96085,"comment_status":"closed","ping_status":"closed","sticky":false,"template":"","format":"standard","meta":[],"categories":[121,163],"tags":[],"_links":{"self":[{"href":"https:\/\/rna.ao\/rna.ao\/wp-json\/wp\/v2\/posts\/96081"}],"collection":[{"href":"https:\/\/rna.ao\/rna.ao\/wp-json\/wp\/v2\/posts"}],"about":[{"href":"https:\/\/rna.ao\/rna.ao\/wp-json\/wp\/v2\/types\/post"}],"author":[{"embeddable":true,"href":"https:\/\/rna.ao\/rna.ao\/wp-json\/wp\/v2\/users\/8"}],"replies":[{"embeddable":true,"href":"https:\/\/rna.ao\/rna.ao\/wp-json\/wp\/v2\/comments?post=96081"}],"version-history":[{"count":1,"href":"https:\/\/rna.ao\/rna.ao\/wp-json\/wp\/v2\/posts\/96081\/revisions"}],"predecessor-version":[{"id":96087,"href":"https:\/\/rna.ao\/rna.ao\/wp-json\/wp\/v2\/posts\/96081\/revisions\/96087"}],"wp:featuredmedia":[{"embeddable":true,"href":"https:\/\/rna.ao\/rna.ao\/wp-json\/wp\/v2\/media\/96085"}],"wp:attachment":[{"href":"https:\/\/rna.ao\/rna.ao\/wp-json\/wp\/v2\/media?parent=96081"}],"wp:term":[{"taxonomy":"category","embeddable":true,"href":"https:\/\/rna.ao\/rna.ao\/wp-json\/wp\/v2\/categories?post=96081"},{"taxonomy":"post_tag","embeddable":true,"href":"https:\/\/rna.ao\/rna.ao\/wp-json\/wp\/v2\/tags?post=96081"}],"curies":[{"name":"wp","href":"https:\/\/api.w.org\/{rel}","templated":true}]}}