{"id":96071,"date":"2023-03-14T13:29:28","date_gmt":"2023-03-14T12:29:28","guid":{"rendered":"https:\/\/rna.ao\/rna.ao\/?p=96071"},"modified":"2023-03-14T13:29:28","modified_gmt":"2023-03-14T12:29:28","slug":"mais-de-seis-mil-candidatos-apurados-no-concurso-publico-de-2022-no-sector-da-saude","status":"publish","type":"post","link":"https:\/\/rna.ao\/rna.ao\/2023\/03\/14\/mais-de-seis-mil-candidatos-apurados-no-concurso-publico-de-2022-no-sector-da-saude\/","title":{"rendered":"Mais de seis mil candidatos apurados no Concurso P\u00fablico de 2022 no sector da sa\u00fade"},"content":{"rendered":"<p><img loading=\"lazy\" class=\"size-medium wp-image-96074 aligncenter\" src=\"https:\/\/rna.ao\/rna.ao\/wp-content\/uploads\/2023\/03\/271778333_232675812362316_3168330158425703914_n-770x513.jpg\" alt=\"\" width=\"770\" height=\"513\" srcset=\"https:\/\/rna.ao\/rna.ao\/wp-content\/uploads\/2023\/03\/271778333_232675812362316_3168330158425703914_n-770x513.jpg 770w, https:\/\/rna.ao\/rna.ao\/wp-content\/uploads\/2023\/03\/271778333_232675812362316_3168330158425703914_n-1170x780.jpg 1170w, https:\/\/rna.ao\/rna.ao\/wp-content\/uploads\/2023\/03\/271778333_232675812362316_3168330158425703914_n-768x512.jpg 768w, https:\/\/rna.ao\/rna.ao\/wp-content\/uploads\/2023\/03\/271778333_232675812362316_3168330158425703914_n-1536x1024.jpg 1536w, https:\/\/rna.ao\/rna.ao\/wp-content\/uploads\/2023\/03\/271778333_232675812362316_3168330158425703914_n.jpg 2048w\" sizes=\"(max-width: 770px) 100vw, 770px\" \/>J\u00e1 est\u00e3o publicadas as listas com a classifica\u00e7\u00e3o final do Concurso P\u00fablico do Minist\u00e9rio da Sa\u00fade, referente ao ano de 2022. Para este concurso, foram apurados seis mil e noventa e oito candidatos para as carreiras medicas, enfermagem, t\u00e9cnicos de diagn\u00f3stico e terapeutas, apoio hospitalar, regime geral e assistente social. Ou\u00e7a, no \u00e1udio abaixo, a rep\u00f3rter Patr\u00edcia Van-D\u00fanem Campos com mais dados:<\/p>\n\t<div class=\"qtmplayer-playlist-large\">\n\t\t<ul class=\"qtmplayer-playlist\">\n\t\t\t\n\t\t\t\t\t<li class=\"qtmplayer-trackitem\">\n\t\t<img src=\"https:\/\/rna.ao\/rna.ao\/wp-content\/uploads\/2023\/03\/MINSA-edificio-sede-100x100.jpg\" alt=\"cover\">\t\t<span \t\t\tdata-qtmplayer-cover=\"https:\/\/rna.ao\/rna.ao\/wp-content\/uploads\/2023\/03\/MINSA-edificio-sede.jpg\"\n\t\t\t\t\t\tdata-qtmplayer-file=\"https:\/\/rna.ao\/rna.ao\/wp-content\/uploads\/2023\/03\/PATRICIA-VAN-DUNEM-CAMPOS-COMUNICADO-13-HRS.mp3\"\n\t\t\t\t\t\tdata-qtmplayer-title=\"Mais de seis mil candidatos apurados no Concurso P\u00fablico de 2022 no sector da sa\u00fade\"\n\t\t\t\t\t\tdata-qtmplayer-artist=\"RNA\"\n\t\t\t\t\t\tdata-qtmplayer-link=\"https:\/\/rna.ao\/rna.ao\/2023\/03\/14\/mais-de-seis-mil-candidatos-apurados-no-concurso-publico-de-2022-no-sector-da-saude\/\"\n\t\t\t\t\t\tdata-qtmplayer-icon=\"file_download\"\n\t\t\t\t\t\tdata-qtmplayer-type=\"track\"\n\t\t\t class=\"qtmplayer-play qtmplayer-link-sec qtmplayer-play-btn\"><i class='material-icons'>play_arrow<\/i><\/span>\n\t\t<p>\n\t\t\t<span class=\"qtmplayer-tit\">Mais de seis mil candidatos apurados no Concurso P\u00fablico de 2022 no sector da sa\u00fade<\/span>\n\t\t\t<span class=\"qtmplayer-art\">RNA<\/span>\n\t\t<\/p>\n\t<\/li>\n\t\t<\/ul>\n\t<\/div>\t\t\t\n\t\n<p>Fonte: RNA<\/p>\n","protected":false},"excerpt":{"rendered":"<p>J\u00e1 est\u00e3o publicadas as listas com a classifica\u00e7\u00e3o final do Concurso P\u00fablico do Minist\u00e9rio da Sa\u00fade, referente ao ano de 2022. Para este concurso, foram apurados seis mil e noventa e oito candidatos para as carreiras medicas, enfermagem, t\u00e9cnicos de diagn\u00f3stico e terapeutas, apoio hospitalar, regime geral e assistente social. ...<\/p>\n","protected":false},"author":8,"featured_media":96073,"comment_status":"closed","ping_status":"closed","sticky":false,"template":"","format":"standard","meta":[],"categories":[121,163],"tags":[],"_links":{"self":[{"href":"https:\/\/rna.ao\/rna.ao\/wp-json\/wp\/v2\/posts\/96071"}],"collection":[{"href":"https:\/\/rna.ao\/rna.ao\/wp-json\/wp\/v2\/posts"}],"about":[{"href":"https:\/\/rna.ao\/rna.ao\/wp-json\/wp\/v2\/types\/post"}],"author":[{"embeddable":true,"href":"https:\/\/rna.ao\/rna.ao\/wp-json\/wp\/v2\/users\/8"}],"replies":[{"embeddable":true,"href":"https:\/\/rna.ao\/rna.ao\/wp-json\/wp\/v2\/comments?post=96071"}],"version-history":[{"count":1,"href":"https:\/\/rna.ao\/rna.ao\/wp-json\/wp\/v2\/posts\/96071\/revisions"}],"predecessor-version":[{"id":96075,"href":"https:\/\/rna.ao\/rna.ao\/wp-json\/wp\/v2\/posts\/96071\/revisions\/96075"}],"wp:featuredmedia":[{"embeddable":true,"href":"https:\/\/rna.ao\/rna.ao\/wp-json\/wp\/v2\/media\/96073"}],"wp:attachment":[{"href":"https:\/\/rna.ao\/rna.ao\/wp-json\/wp\/v2\/media?parent=96071"}],"wp:term":[{"taxonomy":"category","embeddable":true,"href":"https:\/\/rna.ao\/rna.ao\/wp-json\/wp\/v2\/categories?post=96071"},{"taxonomy":"post_tag","embeddable":true,"href":"https:\/\/rna.ao\/rna.ao\/wp-json\/wp\/v2\/tags?post=96071"}],"curies":[{"name":"wp","href":"https:\/\/api.w.org\/{rel}","templated":true}]}}