{"id":96066,"date":"2023-03-14T13:18:56","date_gmt":"2023-03-14T12:18:56","guid":{"rendered":"https:\/\/rna.ao\/rna.ao\/?p=96066"},"modified":"2023-03-14T13:18:56","modified_gmt":"2023-03-14T12:18:56","slug":"unidade-de-cuidados-intensivos-do-hospital-do-zaire-nao-funciona-ha-18-anos-por-falta-de-especialistas","status":"publish","type":"post","link":"https:\/\/rna.ao\/rna.ao\/2023\/03\/14\/unidade-de-cuidados-intensivos-do-hospital-do-zaire-nao-funciona-ha-18-anos-por-falta-de-especialistas\/","title":{"rendered":"Unidade de cuidados intensivos do Hospital do Zaire n\u00e3o funciona h\u00e1 18 anos por falta de especialistas"},"content":{"rendered":"<p><img loading=\"lazy\" class=\" wp-image-96068 aligncenter\" src=\"https:\/\/rna.ao\/rna.ao\/wp-content\/uploads\/2023\/03\/Hopsital-do-zaire.jpg\" alt=\"\" width=\"704\" height=\"469\" \/>Devidamente equipada, a unidade de cuidados intensivos do Hospital Provincial do Zaire n\u00e3o funciona h\u00e1, sensivelmente, 18 anos. A falta de especialistas \u00e9 apontada como principal factor, para a inoper\u00e2ncia da UCI.<\/p>\n<p>Entretanto, a Administra\u00e7\u00e3o do Hospital garante que, nesta altura, est\u00e3o em forma\u00e7\u00e3o dois m\u00e9dicos, que poder\u00e3o assegurar o seu funcionamento dentro de um ano. Clique, no \u00e1udio abaixo, e saiba mais com o rep\u00f3rter Lu\u00eds Mamana:<\/p>\n\t<div class=\"qtmplayer-playlist-large\">\n\t\t<ul class=\"qtmplayer-playlist\">\n\t\t\t\n\t\t\t\t\t<li class=\"qtmplayer-trackitem\">\n\t\t<img src=\"https:\/\/rna.ao\/rna.ao\/wp-content\/uploads\/2023\/03\/Hopsital-do-zaire-1-100x100.jpg\" alt=\"cover\">\t\t<span \t\t\tdata-qtmplayer-cover=\"https:\/\/rna.ao\/rna.ao\/wp-content\/uploads\/2023\/03\/Hopsital-do-zaire-1.jpg\"\n\t\t\t\t\t\tdata-qtmplayer-file=\"https:\/\/rna.ao\/rna.ao\/wp-content\/uploads\/2023\/03\/ZAIRE-HOSPITAL-13HRS.mp3\"\n\t\t\t\t\t\tdata-qtmplayer-title=\"Unidade de cuidados intensivos do Hospital do Zaire n\u00e3o funciona h\u00e1 18 anos por falta de especialistas\"\n\t\t\t\t\t\tdata-qtmplayer-artist=\"RNA\"\n\t\t\t\t\t\tdata-qtmplayer-link=\"https:\/\/rna.ao\/rna.ao\/2023\/03\/14\/unidade-de-cuidados-intensivos-do-hospital-do-zaire-nao-funciona-ha-18-anos-por-falta-de-especialistas\/\"\n\t\t\t\t\t\tdata-qtmplayer-icon=\"file_download\"\n\t\t\t\t\t\tdata-qtmplayer-type=\"track\"\n\t\t\t class=\"qtmplayer-play qtmplayer-link-sec qtmplayer-play-btn\"><i class='material-icons'>play_arrow<\/i><\/span>\n\t\t<p>\n\t\t\t<span class=\"qtmplayer-tit\">Unidade de cuidados intensivos do Hospital do Zaire n\u00e3o funciona h\u00e1 18 anos por falta de especialistas<\/span>\n\t\t\t<span class=\"qtmplayer-art\">RNA<\/span>\n\t\t<\/p>\n\t<\/li>\n\t\t<\/ul>\n\t<\/div>\t\t\t\n\t\n<p>Fonte: RNA<\/p>\n","protected":false},"excerpt":{"rendered":"<p>Devidamente equipada, a unidade de cuidados intensivos do Hospital Provincial do Zaire n\u00e3o funciona h\u00e1, sensivelmente, 18 anos. A falta de especialistas \u00e9 apontada como principal factor, para a inoper\u00e2ncia da UCI. Entretanto, a Administra\u00e7\u00e3o do Hospital garante que, nesta altura, est\u00e3o em forma\u00e7\u00e3o dois m\u00e9dicos, que poder\u00e3o assegurar o ...<\/p>\n","protected":false},"author":8,"featured_media":96069,"comment_status":"closed","ping_status":"closed","sticky":false,"template":"","format":"standard","meta":[],"categories":[121,163],"tags":[],"_links":{"self":[{"href":"https:\/\/rna.ao\/rna.ao\/wp-json\/wp\/v2\/posts\/96066"}],"collection":[{"href":"https:\/\/rna.ao\/rna.ao\/wp-json\/wp\/v2\/posts"}],"about":[{"href":"https:\/\/rna.ao\/rna.ao\/wp-json\/wp\/v2\/types\/post"}],"author":[{"embeddable":true,"href":"https:\/\/rna.ao\/rna.ao\/wp-json\/wp\/v2\/users\/8"}],"replies":[{"embeddable":true,"href":"https:\/\/rna.ao\/rna.ao\/wp-json\/wp\/v2\/comments?post=96066"}],"version-history":[{"count":1,"href":"https:\/\/rna.ao\/rna.ao\/wp-json\/wp\/v2\/posts\/96066\/revisions"}],"predecessor-version":[{"id":96070,"href":"https:\/\/rna.ao\/rna.ao\/wp-json\/wp\/v2\/posts\/96066\/revisions\/96070"}],"wp:featuredmedia":[{"embeddable":true,"href":"https:\/\/rna.ao\/rna.ao\/wp-json\/wp\/v2\/media\/96069"}],"wp:attachment":[{"href":"https:\/\/rna.ao\/rna.ao\/wp-json\/wp\/v2\/media?parent=96066"}],"wp:term":[{"taxonomy":"category","embeddable":true,"href":"https:\/\/rna.ao\/rna.ao\/wp-json\/wp\/v2\/categories?post=96066"},{"taxonomy":"post_tag","embeddable":true,"href":"https:\/\/rna.ao\/rna.ao\/wp-json\/wp\/v2\/tags?post=96066"}],"curies":[{"name":"wp","href":"https:\/\/api.w.org\/{rel}","templated":true}]}}