{"id":96060,"date":"2023-03-14T13:07:35","date_gmt":"2023-03-14T12:07:35","guid":{"rendered":"https:\/\/rna.ao\/rna.ao\/?p=96060"},"modified":"2023-03-14T13:07:35","modified_gmt":"2023-03-14T12:07:35","slug":"presidente-joao-lourenco-considera-que-memorando-assinado-com-toyota-vai-reforcar-o-investimento-privado-japones-em-angola","status":"publish","type":"post","link":"https:\/\/rna.ao\/rna.ao\/2023\/03\/14\/presidente-joao-lourenco-considera-que-memorando-assinado-com-toyota-vai-reforcar-o-investimento-privado-japones-em-angola\/","title":{"rendered":"Presidente Jo\u00e3o Louren\u00e7o considera que memorando assinado com Toyota vai refor\u00e7ar o investimento privado japon\u00eas em Angola"},"content":{"rendered":"<p><img loading=\"lazy\" class=\"size-medium wp-image-96063 aligncenter\" src=\"https:\/\/rna.ao\/rna.ao\/wp-content\/uploads\/2023\/03\/PR-Nagoya-770x565.jpg\" alt=\"\" width=\"770\" height=\"565\" srcset=\"https:\/\/rna.ao\/rna.ao\/wp-content\/uploads\/2023\/03\/PR-Nagoya-770x565.jpg 770w, https:\/\/rna.ao\/rna.ao\/wp-content\/uploads\/2023\/03\/PR-Nagoya-768x564.jpg 768w, https:\/\/rna.ao\/rna.ao\/wp-content\/uploads\/2023\/03\/PR-Nagoya.jpg 1079w\" sizes=\"(max-width: 770px) 100vw, 770px\" \/>O Presidente da Rep\u00fablica, Jo\u00e3o Louren\u00e7o, reafirma interesse em captar investimento japon\u00eas, e trazer para Angola mais empresas privadas.<\/p>\n<p>Jo\u00e3o Louren\u00e7o falava na manh\u00e3 desta ter\u00e7a-feira, 14 de Mar\u00e7o, na sede da Toyota Tsusho, onde assistiu a assinatura de tr\u00eas instrumentos jur\u00eddicos que v\u00eam refor\u00e7ar a coopera\u00e7\u00e3o.<\/p>\n<p>Os documentos foram assinados por entidades angolanas e pelo Presidente da Toyota Tsusho, na cidade de Nangoya. Clique, no \u00e1udio abaixo, e saiba mais com os enviados da RNA Manuel Bernardo e Sany Fuche:<\/p>\n\t<div class=\"qtmplayer-playlist-large\">\n\t\t<ul class=\"qtmplayer-playlist\">\n\t\t\t\n\t\t\t\t\t<li class=\"qtmplayer-trackitem\">\n\t\t<img src=\"https:\/\/rna.ao\/rna.ao\/wp-content\/uploads\/2023\/03\/PR-Nagoya-1-100x100.jpg\" alt=\"cover\">\t\t<span \t\t\tdata-qtmplayer-cover=\"https:\/\/rna.ao\/rna.ao\/wp-content\/uploads\/2023\/03\/PR-Nagoya-1.jpg\"\n\t\t\t\t\t\tdata-qtmplayer-file=\"https:\/\/rna.ao\/rna.ao\/wp-content\/uploads\/2023\/03\/SANY-FUCHE-NAGOYA-13HRS.mp3\"\n\t\t\t\t\t\tdata-qtmplayer-title=\"Presidente Jo\u00e3o Louren\u00e7o considera que memorando assinado com Toyota vai refor\u00e7ar o investimento privado japon\u00eas em Angola\"\n\t\t\t\t\t\tdata-qtmplayer-artist=\"RNA\"\n\t\t\t\t\t\tdata-qtmplayer-link=\"https:\/\/rna.ao\/rna.ao\/2023\/03\/14\/presidente-joao-lourenco-considera-que-memorando-assinado-com-toyota-vai-reforcar-o-investimento-privado-japones-em-angola\/\"\n\t\t\t\t\t\tdata-qtmplayer-icon=\"file_download\"\n\t\t\t\t\t\tdata-qtmplayer-type=\"track\"\n\t\t\t class=\"qtmplayer-play qtmplayer-link-sec qtmplayer-play-btn\"><i class='material-icons'>play_arrow<\/i><\/span>\n\t\t<p>\n\t\t\t<span class=\"qtmplayer-tit\">Presidente Jo\u00e3o Louren\u00e7o considera que memorando assinado com Toyota vai refor\u00e7ar o investimento privado japon\u00eas em Angola<\/span>\n\t\t\t<span class=\"qtmplayer-art\">RNA<\/span>\n\t\t<\/p>\n\t<\/li>\n\t\t<\/ul>\n\t<\/div>\t\t\t\n\t\n<p>Fonte: RNA<\/p>\n","protected":false},"excerpt":{"rendered":"<p>O Presidente da Rep\u00fablica, Jo\u00e3o Louren\u00e7o, reafirma interesse em captar investimento japon\u00eas, e trazer para Angola mais empresas privadas. Jo\u00e3o Louren\u00e7o falava na manh\u00e3 desta ter\u00e7a-feira, 14 de Mar\u00e7o, na sede da Toyota Tsusho, onde assistiu a assinatura de tr\u00eas instrumentos jur\u00eddicos que v\u00eam refor\u00e7ar a coopera\u00e7\u00e3o. Os documentos foram ...<\/p>\n","protected":false},"author":8,"featured_media":96064,"comment_status":"closed","ping_status":"closed","sticky":false,"template":"","format":"standard","meta":[],"categories":[121,163],"tags":[],"_links":{"self":[{"href":"https:\/\/rna.ao\/rna.ao\/wp-json\/wp\/v2\/posts\/96060"}],"collection":[{"href":"https:\/\/rna.ao\/rna.ao\/wp-json\/wp\/v2\/posts"}],"about":[{"href":"https:\/\/rna.ao\/rna.ao\/wp-json\/wp\/v2\/types\/post"}],"author":[{"embeddable":true,"href":"https:\/\/rna.ao\/rna.ao\/wp-json\/wp\/v2\/users\/8"}],"replies":[{"embeddable":true,"href":"https:\/\/rna.ao\/rna.ao\/wp-json\/wp\/v2\/comments?post=96060"}],"version-history":[{"count":1,"href":"https:\/\/rna.ao\/rna.ao\/wp-json\/wp\/v2\/posts\/96060\/revisions"}],"predecessor-version":[{"id":96065,"href":"https:\/\/rna.ao\/rna.ao\/wp-json\/wp\/v2\/posts\/96060\/revisions\/96065"}],"wp:featuredmedia":[{"embeddable":true,"href":"https:\/\/rna.ao\/rna.ao\/wp-json\/wp\/v2\/media\/96064"}],"wp:attachment":[{"href":"https:\/\/rna.ao\/rna.ao\/wp-json\/wp\/v2\/media?parent=96060"}],"wp:term":[{"taxonomy":"category","embeddable":true,"href":"https:\/\/rna.ao\/rna.ao\/wp-json\/wp\/v2\/categories?post=96060"},{"taxonomy":"post_tag","embeddable":true,"href":"https:\/\/rna.ao\/rna.ao\/wp-json\/wp\/v2\/tags?post=96060"}],"curies":[{"name":"wp","href":"https:\/\/api.w.org\/{rel}","templated":true}]}}