{"id":9546,"date":"2020-10-25T11:11:13","date_gmt":"2020-10-25T10:11:13","guid":{"rendered":"https:\/\/rna.ao\/rna.ao\/?p=9546"},"modified":"2020-10-25T11:11:13","modified_gmt":"2020-10-25T10:11:13","slug":"covid-19-saida-do-quadro-critico-dependera-da-consciencia-de-cada-angolano","status":"publish","type":"post","link":"https:\/\/rna.ao\/rna.ao\/2020\/10\/25\/covid-19-saida-do-quadro-critico-dependera-da-consciencia-de-cada-angolano\/","title":{"rendered":"Covid-19: Sa\u00edda do quadro cr\u00edtico depender\u00e1 da consci\u00eancia de cada angolano"},"content":{"rendered":"<p><img loading=\"lazy\" class=\"size-full wp-image-9547 alignleft\" src=\"https:\/\/rna.ao\/rna.ao\/wp-content\/uploads\/2020\/10\/pess.jpg\" alt=\"\" width=\"267\" height=\"189\" \/>O n\u00famero de doentes cr\u00edticos de Covid-19 tem vindo a aumentar na capital do pa\u00eds, Luanda, onde se regista a concentra\u00e7\u00e3o da maioria dos casos graves, registou a RNA, s\u00e1bado, 24\/10.<\/p>\n<p>De acordo com o Secret\u00e1rio de Estado para a sa\u00fade p\u00fablica, Franco Mufinda, este quadro na capital do pa\u00eds, obriga o refor\u00e7o das medidas de biosseguran\u00e7a \u2013 \u201cO resultado depender\u00e1 em muito da consci\u00eancia de cada um de n\u00f3s\u201d, atestou.<\/p>\n<p>A circula\u00e7\u00e3o comunit\u00e1ria do v\u00edrus, que se verifica h\u00e1 algum tempo, bem como, o aumento de casos poder\u00e3o ditar o colapso do sistema nacional de sa\u00fade.<\/p>\n<p>Franco Mufinda apelou, por outro lado, aos profissionais de sa\u00fade a continuarem a apoiar na campanha contra a pandemia, que n\u00e3o escolhe idade, extracto social, partido pol\u00edtico ou religi\u00e3o \u2013 \u201cNunca saberemos prever uma vez infectados, que tipo de doentes seremos\u201d, alertou.<\/p>\n","protected":false},"excerpt":{"rendered":"<p>O n\u00famero de doentes cr\u00edticos de Covid-19 tem vindo a aumentar na capital do pa\u00eds, Luanda, onde se regista a concentra\u00e7\u00e3o da maioria dos casos graves, registou a RNA, s\u00e1bado, 24\/10. De acordo com o Secret\u00e1rio de Estado para a sa\u00fade p\u00fablica, Franco Mufinda, este quadro na capital do pa\u00eds, ...<\/p>\n","protected":false},"author":8,"featured_media":9547,"comment_status":"closed","ping_status":"closed","sticky":false,"template":"","format":"standard","meta":[],"categories":[141,163],"tags":[],"_links":{"self":[{"href":"https:\/\/rna.ao\/rna.ao\/wp-json\/wp\/v2\/posts\/9546"}],"collection":[{"href":"https:\/\/rna.ao\/rna.ao\/wp-json\/wp\/v2\/posts"}],"about":[{"href":"https:\/\/rna.ao\/rna.ao\/wp-json\/wp\/v2\/types\/post"}],"author":[{"embeddable":true,"href":"https:\/\/rna.ao\/rna.ao\/wp-json\/wp\/v2\/users\/8"}],"replies":[{"embeddable":true,"href":"https:\/\/rna.ao\/rna.ao\/wp-json\/wp\/v2\/comments?post=9546"}],"version-history":[{"count":1,"href":"https:\/\/rna.ao\/rna.ao\/wp-json\/wp\/v2\/posts\/9546\/revisions"}],"predecessor-version":[{"id":9548,"href":"https:\/\/rna.ao\/rna.ao\/wp-json\/wp\/v2\/posts\/9546\/revisions\/9548"}],"wp:featuredmedia":[{"embeddable":true,"href":"https:\/\/rna.ao\/rna.ao\/wp-json\/wp\/v2\/media\/9547"}],"wp:attachment":[{"href":"https:\/\/rna.ao\/rna.ao\/wp-json\/wp\/v2\/media?parent=9546"}],"wp:term":[{"taxonomy":"category","embeddable":true,"href":"https:\/\/rna.ao\/rna.ao\/wp-json\/wp\/v2\/categories?post=9546"},{"taxonomy":"post_tag","embeddable":true,"href":"https:\/\/rna.ao\/rna.ao\/wp-json\/wp\/v2\/tags?post=9546"}],"curies":[{"name":"wp","href":"https:\/\/api.w.org\/{rel}","templated":true}]}}