{"id":9542,"date":"2020-10-25T09:56:20","date_gmt":"2020-10-25T08:56:20","guid":{"rendered":"https:\/\/rna.ao\/rna.ao\/?p=9542"},"modified":"2020-10-25T09:56:20","modified_gmt":"2020-10-25T08:56:20","slug":"benguela-combustivel-do-navio-naufragado-pode-ser-retirado-em-seguranca","status":"publish","type":"post","link":"https:\/\/rna.ao\/rna.ao\/2020\/10\/25\/benguela-combustivel-do-navio-naufragado-pode-ser-retirado-em-seguranca\/","title":{"rendered":"Benguela: Combust\u00edvel do navio naufragado pode ser retirado em seguran\u00e7a"},"content":{"rendered":"<p>Uma delega\u00e7\u00e3o t\u00e9cnica do sector das pescas est\u00e1 a trabalhar em Benguela, a fim de evitar que as grandes quantidades de combust\u00edvel que se encontra no dep\u00f3sito do Navio, que naufragou nos mares do Lobito, seja retirado com seguran\u00e7a, sem causar danos ao ambiente marinho, segundo o Director provincial, Jos\u00e9 Gomes, que falou \u00e0 Reportagem da RNA, s\u00e1bado, 24\/10. Clique no \u00e1udio em baixo para ouvir:<\/p>\n\t<div class=\"qtmplayer-playlist-large\">\n\t\t<ul class=\"qtmplayer-playlist\">\n\t\t\t\n\t\t\t\t\t<li class=\"qtmplayer-trackitem\">\n\t\t<img src=\"https:\/\/rna.ao\/rna.ao\/wp-content\/uploads\/2020\/10\/jGo-100x100.jpg\" alt=\"cover\">\t\t<span \t\t\tdata-qtmplayer-cover=\"https:\/\/rna.ao\/rna.ao\/wp-content\/uploads\/2020\/10\/jGo-370x370.jpg\"\n\t\t\t\t\t\tdata-qtmplayer-file=\"https:\/\/rna.ao\/rna.ao\/wp-content\/uploads\/2020\/10\/LOBITO-NAVIO.mp3\"\n\t\t\t\t\t\tdata-qtmplayer-title=\"Benguela: Combust\u00edvel do navio naufragado pode ser retirado em seguran\u00e7a\"\n\t\t\t\t\t\tdata-qtmplayer-artist=\"RNA\"\n\t\t\t\t\t\tdata-qtmplayer-link=\"https:\/\/rna.ao\/rna.ao\/2020\/10\/25\/benguela-combustivel-do-navio-naufragado-pode-ser-retirado-em-seguranca\/\"\n\t\t\t\t\t\tdata-qtmplayer-icon=\"file_download\"\n\t\t\t\t\t\tdata-qtmplayer-type=\"track\"\n\t\t\t class=\"qtmplayer-play qtmplayer-link-sec qtmplayer-play-btn\"><i class='material-icons'>play_arrow<\/i><\/span>\n\t\t<p>\n\t\t\t<span class=\"qtmplayer-tit\">Benguela: Combust\u00edvel do navio naufragado pode ser retirado em seguran\u00e7a<\/span>\n\t\t\t<span class=\"qtmplayer-art\">RNA<\/span>\n\t\t<\/p>\n\t<\/li>\n\t\t<\/ul>\n\t<\/div>\t\t\t\n\t\n<p><img loading=\"lazy\" class=\"size-full wp-image-9543 aligncenter\" src=\"https:\/\/rna.ao\/rna.ao\/wp-content\/uploads\/2020\/10\/jGo.jpg\" alt=\"\" width=\"640\" height=\"427\" \/><\/p>\n<p>Fonte: RNA &#8211; Jornalista, Edson Santos<\/p>\n","protected":false},"excerpt":{"rendered":"<p>Uma delega\u00e7\u00e3o t\u00e9cnica do sector das pescas est\u00e1 a trabalhar em Benguela, a fim de evitar que as grandes quantidades de combust\u00edvel que se encontra no dep\u00f3sito do Navio, que naufragou nos mares do Lobito, seja retirado com seguran\u00e7a, sem causar danos ao ambiente marinho, segundo o Director provincial, Jos\u00e9 ...<\/p>\n","protected":false},"author":8,"featured_media":9543,"comment_status":"closed","ping_status":"closed","sticky":false,"template":"","format":"standard","meta":[],"categories":[121,163],"tags":[],"_links":{"self":[{"href":"https:\/\/rna.ao\/rna.ao\/wp-json\/wp\/v2\/posts\/9542"}],"collection":[{"href":"https:\/\/rna.ao\/rna.ao\/wp-json\/wp\/v2\/posts"}],"about":[{"href":"https:\/\/rna.ao\/rna.ao\/wp-json\/wp\/v2\/types\/post"}],"author":[{"embeddable":true,"href":"https:\/\/rna.ao\/rna.ao\/wp-json\/wp\/v2\/users\/8"}],"replies":[{"embeddable":true,"href":"https:\/\/rna.ao\/rna.ao\/wp-json\/wp\/v2\/comments?post=9542"}],"version-history":[{"count":1,"href":"https:\/\/rna.ao\/rna.ao\/wp-json\/wp\/v2\/posts\/9542\/revisions"}],"predecessor-version":[{"id":9545,"href":"https:\/\/rna.ao\/rna.ao\/wp-json\/wp\/v2\/posts\/9542\/revisions\/9545"}],"wp:featuredmedia":[{"embeddable":true,"href":"https:\/\/rna.ao\/rna.ao\/wp-json\/wp\/v2\/media\/9543"}],"wp:attachment":[{"href":"https:\/\/rna.ao\/rna.ao\/wp-json\/wp\/v2\/media?parent=9542"}],"wp:term":[{"taxonomy":"category","embeddable":true,"href":"https:\/\/rna.ao\/rna.ao\/wp-json\/wp\/v2\/categories?post=9542"},{"taxonomy":"post_tag","embeddable":true,"href":"https:\/\/rna.ao\/rna.ao\/wp-json\/wp\/v2\/tags?post=9542"}],"curies":[{"name":"wp","href":"https:\/\/api.w.org\/{rel}","templated":true}]}}