{"id":95377,"date":"2023-03-09T10:43:30","date_gmt":"2023-03-09T09:43:30","guid":{"rendered":"https:\/\/rna.ao\/rna.ao\/?p=95377"},"modified":"2023-03-09T10:43:30","modified_gmt":"2023-03-09T09:43:30","slug":"huila-e-namibe-podem-ser-referencias-turisticas-a-nivel-de-africa-nelito-ekuikui","status":"publish","type":"post","link":"https:\/\/rna.ao\/rna.ao\/2023\/03\/09\/huila-e-namibe-podem-ser-referencias-turisticas-a-nivel-de-africa-nelito-ekuikui\/","title":{"rendered":"&#8220;Hu\u00edla e Namibe podem ser refer\u00eancias tur\u00edsticas a n\u00edvel de \u00c1frica&#8221; &#8211; Nelito Ekuikui"},"content":{"rendered":"<p><img loading=\"lazy\" class=\"size-medium wp-image-95385 aligncenter\" src=\"https:\/\/rna.ao\/rna.ao\/wp-content\/uploads\/2023\/03\/Nelito-Ekuikui-770x513.jpg\" alt=\"\" width=\"770\" height=\"513\" srcset=\"https:\/\/rna.ao\/rna.ao\/wp-content\/uploads\/2023\/03\/Nelito-Ekuikui-770x513.jpg 770w, https:\/\/rna.ao\/rna.ao\/wp-content\/uploads\/2023\/03\/Nelito-Ekuikui-768x512.jpg 768w, https:\/\/rna.ao\/rna.ao\/wp-content\/uploads\/2023\/03\/Nelito-Ekuikui.jpg 918w\" sizes=\"(max-width: 770px) 100vw, 770px\" \/>As Prov\u00edncias do Namibe e da Hu\u00edla, no sul do pa\u00eds, t\u00eam condi\u00e7\u00f5es para se tornarem\u00a0 cidades tur\u00edsticas em Angola. A afirma\u00e7\u00e3o foi feita em Mo\u00e7\u00e2medes pelo deputado \u00e0 Assembleia Nacional, pela Bancada parlamentar da UNITA, Nelito Ekuikui. Saiba mais, no \u00e1udio abaixo, com o rep\u00f3rter Elias Guito:<\/p>\n\t<div class=\"qtmplayer-playlist-large\">\n\t\t<ul class=\"qtmplayer-playlist\">\n\t\t\t\n\t\t\t\t\t<li class=\"qtmplayer-trackitem\">\n\t\t<img src=\"https:\/\/rna.ao\/rna.ao\/wp-content\/uploads\/2023\/03\/Nelito-Ekuikui-1-100x100.jpg\" alt=\"cover\">\t\t<span \t\t\tdata-qtmplayer-cover=\"https:\/\/rna.ao\/rna.ao\/wp-content\/uploads\/2023\/03\/Nelito-Ekuikui-1.jpg\"\n\t\t\t\t\t\tdata-qtmplayer-file=\"https:\/\/rna.ao\/rna.ao\/wp-content\/uploads\/2023\/03\/NAMIBE-E-HUILA-POTENCIAS-DO-TURISMO-10HRS.mp3\"\n\t\t\t\t\t\tdata-qtmplayer-title=\"&#8220;Hu\u00edla e Namibe podem ser refer\u00eancias tur\u00edsticas a n\u00edvel de \u00c1frica&#8221; &#8211; Nelito Ekuikui\"\n\t\t\t\t\t\tdata-qtmplayer-artist=\"RNA\"\n\t\t\t\t\t\tdata-qtmplayer-link=\"https:\/\/rna.ao\/rna.ao\/2023\/03\/09\/huila-e-namibe-podem-ser-referencias-turisticas-a-nivel-de-africa-nelito-ekuikui\/\"\n\t\t\t\t\t\tdata-qtmplayer-icon=\"file_download\"\n\t\t\t\t\t\tdata-qtmplayer-type=\"track\"\n\t\t\t class=\"qtmplayer-play qtmplayer-link-sec qtmplayer-play-btn\"><i class='material-icons'>play_arrow<\/i><\/span>\n\t\t<p>\n\t\t\t<span class=\"qtmplayer-tit\">&#8220;Hu\u00edla e Namibe podem ser refer\u00eancias tur\u00edsticas a n\u00edvel de \u00c1frica&#8221; &#8211; Nelito Ekuikui<\/span>\n\t\t\t<span class=\"qtmplayer-art\">RNA<\/span>\n\t\t<\/p>\n\t<\/li>\n\t\t<\/ul>\n\t<\/div>\t\t\t\n\t\n<p>Fonte: RNA<\/p>\n","protected":false},"excerpt":{"rendered":"<p>As Prov\u00edncias do Namibe e da Hu\u00edla, no sul do pa\u00eds, t\u00eam condi\u00e7\u00f5es para se tornarem\u00a0 cidades tur\u00edsticas em Angola. A afirma\u00e7\u00e3o foi feita em Mo\u00e7\u00e2medes pelo deputado \u00e0 Assembleia Nacional, pela Bancada parlamentar da UNITA, Nelito Ekuikui. Saiba mais, no \u00e1udio abaixo, com o rep\u00f3rter Elias Guito: Fonte: RNA<\/p>\n","protected":false},"author":8,"featured_media":95386,"comment_status":"closed","ping_status":"closed","sticky":false,"template":"","format":"standard","meta":[],"categories":[121,163],"tags":[],"_links":{"self":[{"href":"https:\/\/rna.ao\/rna.ao\/wp-json\/wp\/v2\/posts\/95377"}],"collection":[{"href":"https:\/\/rna.ao\/rna.ao\/wp-json\/wp\/v2\/posts"}],"about":[{"href":"https:\/\/rna.ao\/rna.ao\/wp-json\/wp\/v2\/types\/post"}],"author":[{"embeddable":true,"href":"https:\/\/rna.ao\/rna.ao\/wp-json\/wp\/v2\/users\/8"}],"replies":[{"embeddable":true,"href":"https:\/\/rna.ao\/rna.ao\/wp-json\/wp\/v2\/comments?post=95377"}],"version-history":[{"count":2,"href":"https:\/\/rna.ao\/rna.ao\/wp-json\/wp\/v2\/posts\/95377\/revisions"}],"predecessor-version":[{"id":95387,"href":"https:\/\/rna.ao\/rna.ao\/wp-json\/wp\/v2\/posts\/95377\/revisions\/95387"}],"wp:featuredmedia":[{"embeddable":true,"href":"https:\/\/rna.ao\/rna.ao\/wp-json\/wp\/v2\/media\/95386"}],"wp:attachment":[{"href":"https:\/\/rna.ao\/rna.ao\/wp-json\/wp\/v2\/media?parent=95377"}],"wp:term":[{"taxonomy":"category","embeddable":true,"href":"https:\/\/rna.ao\/rna.ao\/wp-json\/wp\/v2\/categories?post=95377"},{"taxonomy":"post_tag","embeddable":true,"href":"https:\/\/rna.ao\/rna.ao\/wp-json\/wp\/v2\/tags?post=95377"}],"curies":[{"name":"wp","href":"https:\/\/api.w.org\/{rel}","templated":true}]}}