{"id":95374,"date":"2023-03-09T10:34:51","date_gmt":"2023-03-09T09:34:51","guid":{"rendered":"https:\/\/rna.ao\/rna.ao\/?p=95374"},"modified":"2023-03-09T10:34:51","modified_gmt":"2023-03-09T09:34:51","slug":"escolas-do-ensino-especial-clamam-por-professore-de-linguagem-gestual","status":"publish","type":"post","link":"https:\/\/rna.ao\/rna.ao\/2023\/03\/09\/escolas-do-ensino-especial-clamam-por-professore-de-linguagem-gestual\/","title":{"rendered":"Escolas do ensino especial clamam por professore de linguagem gestual"},"content":{"rendered":"<p><img loading=\"lazy\" class=\"size-full wp-image-95383 alignleft\" src=\"https:\/\/rna.ao\/rna.ao\/wp-content\/uploads\/2023\/03\/Aluno-linguagem-gestual.jpg\" alt=\"\" width=\"279\" height=\"181\" \/>As Escolas do Ensino Especial em Angola necessitam de professores interpretes de l\u00edngua gestual, para facilitarem o ensino e aprendizagem dos alunos portadores de defici\u00eancia auditiva.<\/p>\n<p>O Presidente do Movimento Nacional dos Estudantes, Francisco Teixeira, exorta o Minist\u00e9rio da Educa\u00e7\u00e3o, para que nos concursos p\u00fablicos do sector, se abram vagas \u00a0\u00a0especificas para estes professores. Clique no \u00e1udio e ou\u00e7a:<\/p>\n\t<div class=\"qtmplayer-playlist-large\">\n\t\t<ul class=\"qtmplayer-playlist\">\n\t\t\t\n\t\t\t\t\t<li class=\"qtmplayer-trackitem\">\n\t\t<img src=\"https:\/\/rna.ao\/rna.ao\/wp-content\/uploads\/2023\/03\/Aluno-linguagem-gestual-100x100.jpg\" alt=\"cover\">\t\t<span \t\t\tdata-qtmplayer-cover=\"https:\/\/rna.ao\/rna.ao\/wp-content\/uploads\/2023\/03\/Aluno-linguagem-gestual.jpg\"\n\t\t\t\t\t\tdata-qtmplayer-file=\"https:\/\/rna.ao\/rna.ao\/wp-content\/uploads\/2023\/03\/FRANCISCO-TEICEIRA-LINGUA-GESTUAL.mp3\"\n\t\t\t\t\t\tdata-qtmplayer-title=\"Escolas do ensino especial clamam por professore de linguagem gestual\"\n\t\t\t\t\t\tdata-qtmplayer-artist=\"RNA\"\n\t\t\t\t\t\tdata-qtmplayer-link=\"https:\/\/rna.ao\/rna.ao\/2023\/03\/09\/escolas-do-ensino-especial-clamam-por-professore-de-linguagem-gestual\/\"\n\t\t\t\t\t\tdata-qtmplayer-icon=\"file_download\"\n\t\t\t\t\t\tdata-qtmplayer-type=\"track\"\n\t\t\t class=\"qtmplayer-play qtmplayer-link-sec qtmplayer-play-btn\"><i class='material-icons'>play_arrow<\/i><\/span>\n\t\t<p>\n\t\t\t<span class=\"qtmplayer-tit\">Escolas do ensino especial clamam por professore de linguagem gestual<\/span>\n\t\t\t<span class=\"qtmplayer-art\">RNA<\/span>\n\t\t<\/p>\n\t<\/li>\n\t\t<\/ul>\n\t<\/div>\t\t\t\n\t\n<p>Fonte: R\u00e1dio Luanda\/RNA<\/p>\n","protected":false},"excerpt":{"rendered":"<p>As Escolas do Ensino Especial em Angola necessitam de professores interpretes de l\u00edngua gestual, para facilitarem o ensino e aprendizagem dos alunos portadores de defici\u00eancia auditiva. O Presidente do Movimento Nacional dos Estudantes, Francisco Teixeira, exorta o Minist\u00e9rio da Educa\u00e7\u00e3o, para que nos concursos p\u00fablicos do sector, se abram vagas ...<\/p>\n","protected":false},"author":8,"featured_media":95383,"comment_status":"closed","ping_status":"closed","sticky":false,"template":"","format":"standard","meta":[],"categories":[141,133],"tags":[],"_links":{"self":[{"href":"https:\/\/rna.ao\/rna.ao\/wp-json\/wp\/v2\/posts\/95374"}],"collection":[{"href":"https:\/\/rna.ao\/rna.ao\/wp-json\/wp\/v2\/posts"}],"about":[{"href":"https:\/\/rna.ao\/rna.ao\/wp-json\/wp\/v2\/types\/post"}],"author":[{"embeddable":true,"href":"https:\/\/rna.ao\/rna.ao\/wp-json\/wp\/v2\/users\/8"}],"replies":[{"embeddable":true,"href":"https:\/\/rna.ao\/rna.ao\/wp-json\/wp\/v2\/comments?post=95374"}],"version-history":[{"count":2,"href":"https:\/\/rna.ao\/rna.ao\/wp-json\/wp\/v2\/posts\/95374\/revisions"}],"predecessor-version":[{"id":95384,"href":"https:\/\/rna.ao\/rna.ao\/wp-json\/wp\/v2\/posts\/95374\/revisions\/95384"}],"wp:featuredmedia":[{"embeddable":true,"href":"https:\/\/rna.ao\/rna.ao\/wp-json\/wp\/v2\/media\/95383"}],"wp:attachment":[{"href":"https:\/\/rna.ao\/rna.ao\/wp-json\/wp\/v2\/media?parent=95374"}],"wp:term":[{"taxonomy":"category","embeddable":true,"href":"https:\/\/rna.ao\/rna.ao\/wp-json\/wp\/v2\/categories?post=95374"},{"taxonomy":"post_tag","embeddable":true,"href":"https:\/\/rna.ao\/rna.ao\/wp-json\/wp\/v2\/tags?post=95374"}],"curies":[{"name":"wp","href":"https:\/\/api.w.org\/{rel}","templated":true}]}}