{"id":95354,"date":"2023-03-09T10:22:19","date_gmt":"2023-03-09T09:22:19","guid":{"rendered":"https:\/\/rna.ao\/rna.ao\/?p=95354"},"modified":"2023-03-09T10:22:19","modified_gmt":"2023-03-09T09:22:19","slug":"vendedoras-dos-mercados-dos-kwanza-e-asa-branca-falam-do-seu-dia-a-dia","status":"publish","type":"post","link":"https:\/\/rna.ao\/rna.ao\/2023\/03\/09\/vendedoras-dos-mercados-dos-kwanza-e-asa-branca-falam-do-seu-dia-a-dia\/","title":{"rendered":"Vendedoras dos Mercados dos Kwanza e Asa Branca falam do seu dia-a-dia"},"content":{"rendered":"<p><img loading=\"lazy\" class=\"size-medium wp-image-95359 aligncenter\" src=\"https:\/\/rna.ao\/rna.ao\/wp-content\/uploads\/2023\/03\/Vendedora-do-Mercado-770x513.jpg\" alt=\"\" width=\"770\" height=\"513\" srcset=\"https:\/\/rna.ao\/rna.ao\/wp-content\/uploads\/2023\/03\/Vendedora-do-Mercado-770x513.jpg 770w, https:\/\/rna.ao\/rna.ao\/wp-content\/uploads\/2023\/03\/Vendedora-do-Mercado-768x512.jpg 768w, https:\/\/rna.ao\/rna.ao\/wp-content\/uploads\/2023\/03\/Vendedora-do-Mercado.jpg 918w\" sizes=\"(max-width: 770px) 100vw, 770px\" \/>Um dia depois do Dia Internacional da Mulher, 8 de Mar\u00e7o, a reportagem da R\u00e1dio Luanda foi \u00e0 rua saber do dia-a-dia das mulheres vendedoras dos mercados dos Kwanzas e do Asa Branca. Ou\u00e7a, no \u00e1udio abaixo, o rep\u00f3rter Leonel Ars\u00e9nio, que traz alguns depoimentos:<\/p>\n\t<div class=\"qtmplayer-playlist-large\">\n\t\t<ul class=\"qtmplayer-playlist\">\n\t\t\t\n\t\t\t\t\t<li class=\"qtmplayer-trackitem\">\n\t\t<img src=\"https:\/\/rna.ao\/rna.ao\/wp-content\/uploads\/2023\/03\/Vendedora-do-Mercado-1-1-100x100.jpg\" alt=\"cover\">\t\t<span \t\t\tdata-qtmplayer-cover=\"https:\/\/rna.ao\/rna.ao\/wp-content\/uploads\/2023\/03\/Vendedora-do-Mercado-1-1.jpg\"\n\t\t\t\t\t\tdata-qtmplayer-file=\"https:\/\/rna.ao\/rna.ao\/wp-content\/uploads\/2023\/03\/LEONEL-ARSENIO-MULHER.mp3\"\n\t\t\t\t\t\tdata-qtmplayer-title=\"Vendedoras dos Mercados dos Kwanza e Asa Branca falam do seu dia-a-dia\"\n\t\t\t\t\t\tdata-qtmplayer-artist=\"RNA\"\n\t\t\t\t\t\tdata-qtmplayer-link=\"https:\/\/rna.ao\/rna.ao\/2023\/03\/09\/vendedoras-dos-mercados-dos-kwanza-e-asa-branca-falam-do-seu-dia-a-dia\/\"\n\t\t\t\t\t\tdata-qtmplayer-icon=\"file_download\"\n\t\t\t\t\t\tdata-qtmplayer-type=\"track\"\n\t\t\t class=\"qtmplayer-play qtmplayer-link-sec qtmplayer-play-btn\"><i class='material-icons'>play_arrow<\/i><\/span>\n\t\t<p>\n\t\t\t<span class=\"qtmplayer-tit\">Vendedoras dos Mercados dos Kwanza e Asa Branca falam do seu dia-a-dia<\/span>\n\t\t\t<span class=\"qtmplayer-art\">RNA<\/span>\n\t\t<\/p>\n\t<\/li>\n\t\t<\/ul>\n\t<\/div>\t\t\t\n\t\n<p>Fonte: R\u00e1dio Luanda\/RNA<\/p>\n","protected":false},"excerpt":{"rendered":"<p>Um dia depois do Dia Internacional da Mulher, 8 de Mar\u00e7o, a reportagem da R\u00e1dio Luanda foi \u00e0 rua saber do dia-a-dia das mulheres vendedoras dos mercados dos Kwanzas e do Asa Branca. Ou\u00e7a, no \u00e1udio abaixo, o rep\u00f3rter Leonel Ars\u00e9nio, que traz alguns depoimentos: Fonte: R\u00e1dio Luanda\/RNA<\/p>\n","protected":false},"author":8,"featured_media":95372,"comment_status":"closed","ping_status":"closed","sticky":false,"template":"","format":"standard","meta":[],"categories":[141,133],"tags":[],"_links":{"self":[{"href":"https:\/\/rna.ao\/rna.ao\/wp-json\/wp\/v2\/posts\/95354"}],"collection":[{"href":"https:\/\/rna.ao\/rna.ao\/wp-json\/wp\/v2\/posts"}],"about":[{"href":"https:\/\/rna.ao\/rna.ao\/wp-json\/wp\/v2\/types\/post"}],"author":[{"embeddable":true,"href":"https:\/\/rna.ao\/rna.ao\/wp-json\/wp\/v2\/users\/8"}],"replies":[{"embeddable":true,"href":"https:\/\/rna.ao\/rna.ao\/wp-json\/wp\/v2\/comments?post=95354"}],"version-history":[{"count":1,"href":"https:\/\/rna.ao\/rna.ao\/wp-json\/wp\/v2\/posts\/95354\/revisions"}],"predecessor-version":[{"id":95373,"href":"https:\/\/rna.ao\/rna.ao\/wp-json\/wp\/v2\/posts\/95354\/revisions\/95373"}],"wp:featuredmedia":[{"embeddable":true,"href":"https:\/\/rna.ao\/rna.ao\/wp-json\/wp\/v2\/media\/95372"}],"wp:attachment":[{"href":"https:\/\/rna.ao\/rna.ao\/wp-json\/wp\/v2\/media?parent=95354"}],"wp:term":[{"taxonomy":"category","embeddable":true,"href":"https:\/\/rna.ao\/rna.ao\/wp-json\/wp\/v2\/categories?post=95354"},{"taxonomy":"post_tag","embeddable":true,"href":"https:\/\/rna.ao\/rna.ao\/wp-json\/wp\/v2\/tags?post=95354"}],"curies":[{"name":"wp","href":"https:\/\/api.w.org\/{rel}","templated":true}]}}