{"id":95346,"date":"2023-03-09T06:56:05","date_gmt":"2023-03-09T05:56:05","guid":{"rendered":"https:\/\/rna.ao\/rna.ao\/?p=95346"},"modified":"2023-03-09T09:00:19","modified_gmt":"2023-03-09T08:00:19","slug":"petro-de-luanda-cumpre-penultimo-dia-de-ensaio-a-recepcao-ao-wydad-casablanca","status":"publish","type":"post","link":"https:\/\/rna.ao\/rna.ao\/2023\/03\/09\/petro-de-luanda-cumpre-penultimo-dia-de-ensaio-a-recepcao-ao-wydad-casablanca\/","title":{"rendered":"Petro de Luanda cumpre pen\u00faltimo dia de ensaio \u00e0 recep\u00e7\u00e3o ao Wydad Casablanca"},"content":{"rendered":"<p style=\"font-weight: 400;\"><img loading=\"lazy\" class=\"alignnone size-medium wp-image-71193\" src=\"https:\/\/rna.ao\/rna.ao\/wp-content\/uploads\/2022\/07\/Petro-de-Luanda-770x578.jpg\" alt=\"\" width=\"770\" height=\"578\" srcset=\"https:\/\/rna.ao\/rna.ao\/wp-content\/uploads\/2022\/07\/Petro-de-Luanda-770x578.jpg 770w, https:\/\/rna.ao\/rna.ao\/wp-content\/uploads\/2022\/07\/Petro-de-Luanda-1170x878.jpg 1170w, https:\/\/rna.ao\/rna.ao\/wp-content\/uploads\/2022\/07\/Petro-de-Luanda-768x576.jpg 768w, https:\/\/rna.ao\/rna.ao\/wp-content\/uploads\/2022\/07\/Petro-de-Luanda.jpg 1200w\" sizes=\"(max-width: 770px) 100vw, 770px\" \/>O Petro de Luanda volta a ensaiar hoje, 09\/03, estrat\u00e9gias, no esbo\u00e7o ao jogo deste s\u00e1bado, 11 de Mar\u00e7o, frente ao Wydad Casablanca de Marrocos, para a 4\u00aa jornada do grupo A, da liga dos clubes camp\u00f5es africanos. O aprumo matinal est\u00e1 marcado para o campo do Catet\u00e3o. Alexandre Santos, t\u00e9cnico do campe\u00e3o nacional, quer apresentar uma equipa com \u00edndices motivacionais elevados, a julgar pelo quilate do advers\u00e1rio. Clique no \u00e1udio e ou\u00e7a:<\/p>\n\t<div class=\"qtmplayer-playlist-large\">\n\t\t<ul class=\"qtmplayer-playlist\">\n\t\t\t\n\t\t\t\t\t<li class=\"qtmplayer-trackitem\">\n\t\t<img src=\"https:\/\/rna.ao\/rna.ao\/wp-content\/uploads\/2022\/07\/Petro-de-Luanda-100x100.jpg\" alt=\"cover\">\t\t<span \t\t\tdata-qtmplayer-cover=\"https:\/\/rna.ao\/rna.ao\/wp-content\/uploads\/2022\/07\/Petro-de-Luanda-370x370.jpg\"\n\t\t\t\t\t\tdata-qtmplayer-file=\"https:\/\/rna.ao\/rna.ao\/wp-content\/uploads\/2023\/03\/P-J-3-ALEXANDRE-SANTOS-09-03-23.mp3\"\n\t\t\t\t\t\tdata-qtmplayer-title=\"Petro de Luanda cumpre pen\u00faltimo dia de ensaio \u00e0 recep\u00e7\u00e3o ao Wydad Casablanca\"\n\t\t\t\t\t\tdata-qtmplayer-artist=\"RNA\"\n\t\t\t\t\t\tdata-qtmplayer-link=\"https:\/\/rna.ao\/rna.ao\/2023\/03\/09\/petro-de-luanda-cumpre-penultimo-dia-de-ensaio-a-recepcao-ao-wydad-casablanca\/\"\n\t\t\t\t\t\tdata-qtmplayer-icon=\"file_download\"\n\t\t\t\t\t\tdata-qtmplayer-type=\"track\"\n\t\t\t class=\"qtmplayer-play qtmplayer-link-sec qtmplayer-play-btn\"><i class='material-icons'>play_arrow<\/i><\/span>\n\t\t<p>\n\t\t\t<span class=\"qtmplayer-tit\">Petro de Luanda cumpre pen\u00faltimo dia de ensaio \u00e0 recep\u00e7\u00e3o ao Wydad Casablanca<\/span>\n\t\t\t<span class=\"qtmplayer-art\">RNA<\/span>\n\t\t<\/p>\n\t<\/li>\n\t\t<\/ul>\n\t<\/div>\t\t\t\n\t\n<p style=\"font-weight: 400;\">Para o comentarista, Asner de Sandra, o campe\u00e3o nacional deve procurar maximizar o factor clim\u00e1tico que difere, nesta altura, do clima na Regi\u00e3o do Magreb. Clique no \u00e1udio e ou\u00e7a:<\/p>\n\t<div class=\"qtmplayer-playlist-large\">\n\t\t<ul class=\"qtmplayer-playlist\">\n\t\t\t\n\t\t\t\t\t<li class=\"qtmplayer-trackitem\">\n\t\t<img src=\"https:\/\/rna.ao\/rna.ao\/wp-content\/uploads\/2022\/07\/Petro-de-Luanda-100x100.jpg\" alt=\"cover\">\t\t<span \t\t\tdata-qtmplayer-cover=\"https:\/\/rna.ao\/rna.ao\/wp-content\/uploads\/2022\/07\/Petro-de-Luanda-370x370.jpg\"\n\t\t\t\t\t\tdata-qtmplayer-file=\"https:\/\/rna.ao\/rna.ao\/wp-content\/uploads\/2023\/03\/P-J-4-ASNER-DE-SANDRA-09-03-23.mp3\"\n\t\t\t\t\t\tdata-qtmplayer-title=\"Petro de Luanda cumpre pen\u00faltimo dia de ensaio \u00e0 recep\u00e7\u00e3o ao Wydad Casablanca\"\n\t\t\t\t\t\tdata-qtmplayer-artist=\"RNA\"\n\t\t\t\t\t\tdata-qtmplayer-link=\"https:\/\/rna.ao\/rna.ao\/2023\/03\/09\/petro-de-luanda-cumpre-penultimo-dia-de-ensaio-a-recepcao-ao-wydad-casablanca\/\"\n\t\t\t\t\t\tdata-qtmplayer-icon=\"file_download\"\n\t\t\t\t\t\tdata-qtmplayer-type=\"track\"\n\t\t\t class=\"qtmplayer-play qtmplayer-link-sec qtmplayer-play-btn\"><i class='material-icons'>play_arrow<\/i><\/span>\n\t\t<p>\n\t\t\t<span class=\"qtmplayer-tit\">Petro de Luanda cumpre pen\u00faltimo dia de ensaio \u00e0 recep\u00e7\u00e3o ao Wydad Casablanca<\/span>\n\t\t\t<span class=\"qtmplayer-art\">RNA<\/span>\n\t\t<\/p>\n\t<\/li>\n\t\t<\/ul>\n\t<\/div>\t\t\t\n\t\n<p style=\"font-weight: 400;\">De recordar que, o Petro de Luanda recebe o Wydad Casablanca de Marrocos, no est\u00e1dio 11 de Novembro. A partida \u00e9 referente \u00e0 4\u00aa jornada do grupo A, que vai testemunhar ainda o duelo entre o JS Kabylie da Arg\u00e9lia ao AS Vita Club do Congo Democr\u00e1tico.<\/p>\n<p>Fonte: R\u00e1dio 5\/RNA<\/p>\n","protected":false},"excerpt":{"rendered":"<p>O Petro de Luanda volta a ensaiar hoje, 09\/03, estrat\u00e9gias, no esbo\u00e7o ao jogo deste s\u00e1bado, 11 de Mar\u00e7o, frente ao Wydad Casablanca de Marrocos, para a 4\u00aa jornada do grupo A, da liga dos clubes camp\u00f5es africanos. O aprumo matinal est\u00e1 marcado para o campo do Catet\u00e3o. Alexandre Santos, ...<\/p>\n","protected":false},"author":8,"featured_media":71193,"comment_status":"closed","ping_status":"closed","sticky":false,"template":"","format":"standard","meta":[],"categories":[145,125,164],"tags":[],"_links":{"self":[{"href":"https:\/\/rna.ao\/rna.ao\/wp-json\/wp\/v2\/posts\/95346"}],"collection":[{"href":"https:\/\/rna.ao\/rna.ao\/wp-json\/wp\/v2\/posts"}],"about":[{"href":"https:\/\/rna.ao\/rna.ao\/wp-json\/wp\/v2\/types\/post"}],"author":[{"embeddable":true,"href":"https:\/\/rna.ao\/rna.ao\/wp-json\/wp\/v2\/users\/8"}],"replies":[{"embeddable":true,"href":"https:\/\/rna.ao\/rna.ao\/wp-json\/wp\/v2\/comments?post=95346"}],"version-history":[{"count":2,"href":"https:\/\/rna.ao\/rna.ao\/wp-json\/wp\/v2\/posts\/95346\/revisions"}],"predecessor-version":[{"id":95351,"href":"https:\/\/rna.ao\/rna.ao\/wp-json\/wp\/v2\/posts\/95346\/revisions\/95351"}],"wp:featuredmedia":[{"embeddable":true,"href":"https:\/\/rna.ao\/rna.ao\/wp-json\/wp\/v2\/media\/71193"}],"wp:attachment":[{"href":"https:\/\/rna.ao\/rna.ao\/wp-json\/wp\/v2\/media?parent=95346"}],"wp:term":[{"taxonomy":"category","embeddable":true,"href":"https:\/\/rna.ao\/rna.ao\/wp-json\/wp\/v2\/categories?post=95346"},{"taxonomy":"post_tag","embeddable":true,"href":"https:\/\/rna.ao\/rna.ao\/wp-json\/wp\/v2\/tags?post=95346"}],"curies":[{"name":"wp","href":"https:\/\/api.w.org\/{rel}","templated":true}]}}