{"id":95316,"date":"2023-03-09T08:04:18","date_gmt":"2023-03-09T07:04:18","guid":{"rendered":"https:\/\/rna.ao\/rna.ao\/?p=95316"},"modified":"2023-03-09T09:52:32","modified_gmt":"2023-03-09T08:52:32","slug":"executivo-garante-recuperacao-das-estradas-do-sul-de-angola","status":"publish","type":"post","link":"https:\/\/rna.ao\/rna.ao\/2023\/03\/09\/executivo-garante-recuperacao-das-estradas-do-sul-de-angola\/","title":{"rendered":"Executivo garante recupera\u00e7\u00e3o das Estradas do sul de Angola"},"content":{"rendered":"<p><img loading=\"lazy\" class=\" wp-image-95319 aligncenter\" src=\"https:\/\/rna.ao\/rna.ao\/wp-content\/uploads\/2023\/03\/Carlos-Alberto-da-Silva.jpg\" alt=\"\" width=\"739\" height=\"577\" \/>O Ministro da Constru\u00e7\u00e3o Obras P\u00fablicas e Urbanismo, Carlos Alberto da Silva, anunciou a recupera\u00e7\u00e3o das estradas do sul de Angola. O governante fez estes pronunciamentos quarta-feira, 08\/03, durante a visita do Presidente da Rep\u00fablica \u00e0 Prov\u00edncia\u00a0 da Hu\u00edla.<\/p>\n<p>O Presidente Jo\u00e3o Louren\u00e7o efectuou, \u00e0 margem da inaugura\u00e7\u00e3o\u00a0 da Maternidade Irene Neto, uma avalia\u00e7\u00e3o das obras da circular rodovi\u00e1ria do Lubango, uma das muitas infra-estruturas em constru\u00e7\u00e3o no pa\u00eds. Saiba mais, no \u00e1udio abaixo, com o rep\u00f3rter Valdo Esteves:<\/p>\n\t<div class=\"qtmplayer-playlist-large\">\n\t\t<ul class=\"qtmplayer-playlist\">\n\t\t\t\n\t\t\t\t\t<li class=\"qtmplayer-trackitem\">\n\t\t<img src=\"https:\/\/rna.ao\/rna.ao\/wp-content\/uploads\/2023\/03\/Carlos-Alberto-da-Silva-1-100x100.jpg\" alt=\"cover\">\t\t<span \t\t\tdata-qtmplayer-cover=\"https:\/\/rna.ao\/rna.ao\/wp-content\/uploads\/2023\/03\/Carlos-Alberto-da-Silva-1.jpg\"\n\t\t\t\t\t\tdata-qtmplayer-file=\"https:\/\/rna.ao\/rna.ao\/wp-content\/uploads\/2023\/03\/HUILA-CIRCULAR-RODOVIARIA-07-HRS.mp3\"\n\t\t\t\t\t\tdata-qtmplayer-title=\"Executivo garante recupera\u00e7\u00e3o das Estradas do sul de Angola\"\n\t\t\t\t\t\tdata-qtmplayer-artist=\"RNA\"\n\t\t\t\t\t\tdata-qtmplayer-link=\"https:\/\/rna.ao\/rna.ao\/2023\/03\/09\/executivo-garante-recuperacao-das-estradas-do-sul-de-angola\/\"\n\t\t\t\t\t\tdata-qtmplayer-icon=\"file_download\"\n\t\t\t\t\t\tdata-qtmplayer-type=\"track\"\n\t\t\t class=\"qtmplayer-play qtmplayer-link-sec qtmplayer-play-btn\"><i class='material-icons'>play_arrow<\/i><\/span>\n\t\t<p>\n\t\t\t<span class=\"qtmplayer-tit\">Executivo garante recupera\u00e7\u00e3o das Estradas do sul de Angola<\/span>\n\t\t\t<span class=\"qtmplayer-art\">RNA<\/span>\n\t\t<\/p>\n\t<\/li>\n\t\t<\/ul>\n\t<\/div>\t\t\t\n\t\n<p>Fonte: RNA<\/p>\n","protected":false},"excerpt":{"rendered":"<p>O Ministro da Constru\u00e7\u00e3o Obras P\u00fablicas e Urbanismo, Carlos Alberto da Silva, anunciou a recupera\u00e7\u00e3o das estradas do sul de Angola. O governante fez estes pronunciamentos quarta-feira, 08\/03, durante a visita do Presidente da Rep\u00fablica \u00e0 Prov\u00edncia\u00a0 da Hu\u00edla. O Presidente Jo\u00e3o Louren\u00e7o efectuou, \u00e0 margem da inaugura\u00e7\u00e3o\u00a0 da Maternidade ...<\/p>\n","protected":false},"author":8,"featured_media":95320,"comment_status":"closed","ping_status":"closed","sticky":false,"template":"","format":"standard","meta":[],"categories":[142,121,163],"tags":[],"_links":{"self":[{"href":"https:\/\/rna.ao\/rna.ao\/wp-json\/wp\/v2\/posts\/95316"}],"collection":[{"href":"https:\/\/rna.ao\/rna.ao\/wp-json\/wp\/v2\/posts"}],"about":[{"href":"https:\/\/rna.ao\/rna.ao\/wp-json\/wp\/v2\/types\/post"}],"author":[{"embeddable":true,"href":"https:\/\/rna.ao\/rna.ao\/wp-json\/wp\/v2\/users\/8"}],"replies":[{"embeddable":true,"href":"https:\/\/rna.ao\/rna.ao\/wp-json\/wp\/v2\/comments?post=95316"}],"version-history":[{"count":2,"href":"https:\/\/rna.ao\/rna.ao\/wp-json\/wp\/v2\/posts\/95316\/revisions"}],"predecessor-version":[{"id":95365,"href":"https:\/\/rna.ao\/rna.ao\/wp-json\/wp\/v2\/posts\/95316\/revisions\/95365"}],"wp:featuredmedia":[{"embeddable":true,"href":"https:\/\/rna.ao\/rna.ao\/wp-json\/wp\/v2\/media\/95320"}],"wp:attachment":[{"href":"https:\/\/rna.ao\/rna.ao\/wp-json\/wp\/v2\/media?parent=95316"}],"wp:term":[{"taxonomy":"category","embeddable":true,"href":"https:\/\/rna.ao\/rna.ao\/wp-json\/wp\/v2\/categories?post=95316"},{"taxonomy":"post_tag","embeddable":true,"href":"https:\/\/rna.ao\/rna.ao\/wp-json\/wp\/v2\/tags?post=95316"}],"curies":[{"name":"wp","href":"https:\/\/api.w.org\/{rel}","templated":true}]}}