{"id":95306,"date":"2023-03-09T07:54:07","date_gmt":"2023-03-09T06:54:07","guid":{"rendered":"https:\/\/rna.ao\/rna.ao\/?p=95306"},"modified":"2023-03-09T07:54:07","modified_gmt":"2023-03-09T06:54:07","slug":"cidade-de-malanje-privada-do-abastecimento-de-agua-ravina-destruiu-o-sistema-de-abastecimento-e-captacao","status":"publish","type":"post","link":"https:\/\/rna.ao\/rna.ao\/2023\/03\/09\/cidade-de-malanje-privada-do-abastecimento-de-agua-ravina-destruiu-o-sistema-de-abastecimento-e-captacao\/","title":{"rendered":"Cidade de Malanje privada do abastecimento de \u00e1gua. Ravina destruiu o sistema de abastecimento e capta\u00e7\u00e3o"},"content":{"rendered":"<p><img loading=\"lazy\" class=\"size-medium wp-image-95313 aligncenter\" src=\"https:\/\/rna.ao\/rna.ao\/wp-content\/uploads\/2023\/03\/Flata-de-agua-potavel-770x434.jpg\" alt=\"\" width=\"770\" height=\"434\" srcset=\"https:\/\/rna.ao\/rna.ao\/wp-content\/uploads\/2023\/03\/Flata-de-agua-potavel-770x434.jpg 770w, https:\/\/rna.ao\/rna.ao\/wp-content\/uploads\/2023\/03\/Flata-de-agua-potavel-768x433.jpg 768w, https:\/\/rna.ao\/rna.ao\/wp-content\/uploads\/2023\/03\/Flata-de-agua-potavel.jpg 780w\" sizes=\"(max-width: 770px) 100vw, 770px\" \/>A cidade de Malanje est\u00e1 privada do abastecimento de \u00e1gua pot\u00e1vel. Uma ravina destruiu o sistema de capta\u00e7\u00e3o, tratamento e distribui\u00e7\u00e3o a partir do Rio Kuije. Clique, no \u00e1udio abaixo, e saiba mais na reportagem do Carlos Jorge:<\/p>\n\t<div class=\"qtmplayer-playlist-large\">\n\t\t<ul class=\"qtmplayer-playlist\">\n\t\t\t\n\t\t\t\t\t<li class=\"qtmplayer-trackitem\">\n\t\t<img src=\"https:\/\/rna.ao\/rna.ao\/wp-content\/uploads\/2023\/03\/Flata-de-agua-potavel-1-100x100.jpg\" alt=\"cover\">\t\t<span \t\t\tdata-qtmplayer-cover=\"https:\/\/rna.ao\/rna.ao\/wp-content\/uploads\/2023\/03\/Flata-de-agua-potavel-1.jpg\"\n\t\t\t\t\t\tdata-qtmplayer-file=\"https:\/\/rna.ao\/rna.ao\/wp-content\/uploads\/2023\/03\/MALANJE-FALTA-DE-AGUA-07-HRS.mp3\"\n\t\t\t\t\t\tdata-qtmplayer-title=\"Cidade de Malanje privada do abastecimento de \u00e1gua. Ravina destruiu o sistema de abastecimento e capta\u00e7\u00e3o\"\n\t\t\t\t\t\tdata-qtmplayer-artist=\"RNA\"\n\t\t\t\t\t\tdata-qtmplayer-link=\"https:\/\/rna.ao\/rna.ao\/2023\/03\/09\/cidade-de-malanje-privada-do-abastecimento-de-agua-ravina-destruiu-o-sistema-de-abastecimento-e-captacao\/\"\n\t\t\t\t\t\tdata-qtmplayer-icon=\"file_download\"\n\t\t\t\t\t\tdata-qtmplayer-type=\"track\"\n\t\t\t class=\"qtmplayer-play qtmplayer-link-sec qtmplayer-play-btn\"><i class='material-icons'>play_arrow<\/i><\/span>\n\t\t<p>\n\t\t\t<span class=\"qtmplayer-tit\">Cidade de Malanje privada do abastecimento de \u00e1gua. Ravina destruiu o sistema de abastecimento e capta\u00e7\u00e3o<\/span>\n\t\t\t<span class=\"qtmplayer-art\">RNA<\/span>\n\t\t<\/p>\n\t<\/li>\n\t\t<\/ul>\n\t<\/div>\t\t\t\n\t\n<p>Fonte: RNA<\/p>\n","protected":false},"excerpt":{"rendered":"<p>A cidade de Malanje est\u00e1 privada do abastecimento de \u00e1gua pot\u00e1vel. Uma ravina destruiu o sistema de capta\u00e7\u00e3o, tratamento e distribui\u00e7\u00e3o a partir do Rio Kuije. Clique, no \u00e1udio abaixo, e saiba mais na reportagem do Carlos Jorge: Fonte: RNA<\/p>\n","protected":false},"author":8,"featured_media":95314,"comment_status":"closed","ping_status":"closed","sticky":false,"template":"","format":"standard","meta":[],"categories":[142,121,163],"tags":[],"_links":{"self":[{"href":"https:\/\/rna.ao\/rna.ao\/wp-json\/wp\/v2\/posts\/95306"}],"collection":[{"href":"https:\/\/rna.ao\/rna.ao\/wp-json\/wp\/v2\/posts"}],"about":[{"href":"https:\/\/rna.ao\/rna.ao\/wp-json\/wp\/v2\/types\/post"}],"author":[{"embeddable":true,"href":"https:\/\/rna.ao\/rna.ao\/wp-json\/wp\/v2\/users\/8"}],"replies":[{"embeddable":true,"href":"https:\/\/rna.ao\/rna.ao\/wp-json\/wp\/v2\/comments?post=95306"}],"version-history":[{"count":2,"href":"https:\/\/rna.ao\/rna.ao\/wp-json\/wp\/v2\/posts\/95306\/revisions"}],"predecessor-version":[{"id":95315,"href":"https:\/\/rna.ao\/rna.ao\/wp-json\/wp\/v2\/posts\/95306\/revisions\/95315"}],"wp:featuredmedia":[{"embeddable":true,"href":"https:\/\/rna.ao\/rna.ao\/wp-json\/wp\/v2\/media\/95314"}],"wp:attachment":[{"href":"https:\/\/rna.ao\/rna.ao\/wp-json\/wp\/v2\/media?parent=95306"}],"wp:term":[{"taxonomy":"category","embeddable":true,"href":"https:\/\/rna.ao\/rna.ao\/wp-json\/wp\/v2\/categories?post=95306"},{"taxonomy":"post_tag","embeddable":true,"href":"https:\/\/rna.ao\/rna.ao\/wp-json\/wp\/v2\/tags?post=95306"}],"curies":[{"name":"wp","href":"https:\/\/api.w.org\/{rel}","templated":true}]}}