{"id":95298,"date":"2023-03-09T07:27:01","date_gmt":"2023-03-09T06:27:01","guid":{"rendered":"https:\/\/rna.ao\/rna.ao\/?p=95298"},"modified":"2023-03-09T08:26:03","modified_gmt":"2023-03-09T07:26:03","slug":"95298","status":"publish","type":"post","link":"https:\/\/rna.ao\/rna.ao\/2023\/03\/09\/95298\/","title":{"rendered":"Comiss\u00e3o para a Pol\u00edtica Social do Conselho de Ministros realiza 1\u00aa Reuni\u00e3o Ordin\u00e1ria"},"content":{"rendered":"<p><img loading=\"lazy\" class=\"size-full wp-image-95299 aligncenter\" src=\"https:\/\/rna.ao\/rna.ao\/wp-content\/uploads\/2023\/03\/img.jpeg\" alt=\"\" width=\"576\" height=\"295\" \/>A Comiss\u00e3o para a Pol\u00edtica Social do Conselho de Ministros realiza esta quinta-feira, 09 de Mar\u00e7o, \u00e0s 15 horas, em Luanda, a 1\u00aa Reuni\u00e3o Ordin\u00e1ria.<\/p>\n<p>A Ministra de Estado para \u00c1rea Social, Dalva Ringote, ir\u00e1 presidir \u00e0 respectiva reuni\u00e3o.<\/p>\n<p>O encontro tem lugar na sala de reuni\u00f5es do Gabinete de Gest\u00e3o Documental e Biblioteca da Secretaria Geral dos \u00d3rg\u00e3os Auxiliares do Presidente da Rep\u00fablica, segundo uma nota do secretariado do Conselho de Ministros, que entretanto n\u00e3o avan\u00e7a a agenda da sess\u00e3o.<\/p>\n","protected":false},"excerpt":{"rendered":"<p>A Comiss\u00e3o para a Pol\u00edtica Social do Conselho de Ministros realiza esta quinta-feira, 09 de Mar\u00e7o, \u00e0s 15 horas, em Luanda, a 1\u00aa Reuni\u00e3o Ordin\u00e1ria. A Ministra de Estado para \u00c1rea Social, Dalva Ringote, ir\u00e1 presidir \u00e0 respectiva reuni\u00e3o. O encontro tem lugar na sala de reuni\u00f5es do Gabinete de ...<\/p>\n","protected":false},"author":8,"featured_media":95308,"comment_status":"closed","ping_status":"closed","sticky":false,"template":"","format":"standard","meta":[],"categories":[142,121,164,163],"tags":[],"_links":{"self":[{"href":"https:\/\/rna.ao\/rna.ao\/wp-json\/wp\/v2\/posts\/95298"}],"collection":[{"href":"https:\/\/rna.ao\/rna.ao\/wp-json\/wp\/v2\/posts"}],"about":[{"href":"https:\/\/rna.ao\/rna.ao\/wp-json\/wp\/v2\/types\/post"}],"author":[{"embeddable":true,"href":"https:\/\/rna.ao\/rna.ao\/wp-json\/wp\/v2\/users\/8"}],"replies":[{"embeddable":true,"href":"https:\/\/rna.ao\/rna.ao\/wp-json\/wp\/v2\/comments?post=95298"}],"version-history":[{"count":3,"href":"https:\/\/rna.ao\/rna.ao\/wp-json\/wp\/v2\/posts\/95298\/revisions"}],"predecessor-version":[{"id":95302,"href":"https:\/\/rna.ao\/rna.ao\/wp-json\/wp\/v2\/posts\/95298\/revisions\/95302"}],"wp:featuredmedia":[{"embeddable":true,"href":"https:\/\/rna.ao\/rna.ao\/wp-json\/wp\/v2\/media\/95308"}],"wp:attachment":[{"href":"https:\/\/rna.ao\/rna.ao\/wp-json\/wp\/v2\/media?parent=95298"}],"wp:term":[{"taxonomy":"category","embeddable":true,"href":"https:\/\/rna.ao\/rna.ao\/wp-json\/wp\/v2\/categories?post=95298"},{"taxonomy":"post_tag","embeddable":true,"href":"https:\/\/rna.ao\/rna.ao\/wp-json\/wp\/v2\/tags?post=95298"}],"curies":[{"name":"wp","href":"https:\/\/api.w.org\/{rel}","templated":true}]}}