{"id":9529,"date":"2020-10-25T08:28:57","date_gmt":"2020-10-25T07:28:57","guid":{"rendered":"https:\/\/rna.ao\/rna.ao\/?p=9529"},"modified":"2020-10-25T08:28:57","modified_gmt":"2020-10-25T07:28:57","slug":"delegacao-ministerial-zambiana-visita-cfb","status":"publish","type":"post","link":"https:\/\/rna.ao\/rna.ao\/2020\/10\/25\/delegacao-ministerial-zambiana-visita-cfb\/","title":{"rendered":"Delega\u00e7\u00e3o ministerial zambiana visita CFB"},"content":{"rendered":"<p><img loading=\"lazy\" class=\"size-full wp-image-9531 aligncenter\" src=\"https:\/\/rna.ao\/rna.ao\/wp-content\/uploads\/2020\/10\/camhB.jpg\" alt=\"\" width=\"631\" height=\"330\" \/><\/p>\n<p>Uma delega\u00e7\u00e3o ministerial da Z\u00e2mbia visitou a prov\u00edncia de Benguela, s\u00e1bado, 24\/10, onde constatou o grau de operacionalidade dos Caminhos de Ferro de Benguela, CFB. Composta pelos titulares zambianos dos transportes e comunica\u00e7\u00e3o, habita\u00e7\u00e3o e desenvolvimento de infraestruturas, a delega\u00e7\u00e3o ressaltou a import\u00e2ncia das condi\u00e7\u00f5es infraestruturais para incrementar as trocas comerciais entre os dois pa\u00edses. Clique na pe\u00e7a de Reportagem para ouvir:<\/p>\n\t<div class=\"qtmplayer-playlist-large\">\n\t\t<ul class=\"qtmplayer-playlist\">\n\t\t\t\n\t\t\t\t\t<li class=\"qtmplayer-trackitem\">\n\t\t<img src=\"https:\/\/rna.ao\/rna.ao\/wp-content\/uploads\/2020\/10\/camhB-100x100.jpg\" alt=\"cover\">\t\t<span \t\t\tdata-qtmplayer-cover=\"https:\/\/rna.ao\/rna.ao\/wp-content\/uploads\/2020\/10\/camhB.jpg\"\n\t\t\t\t\t\tdata-qtmplayer-file=\"https:\/\/rna.ao\/rna.ao\/wp-content\/uploads\/2020\/10\/LOBITO-RELACOES.mp3\"\n\t\t\t\t\t\tdata-qtmplayer-title=\"Delega\u00e7\u00e3o ministerial zambiana visita CFB\"\n\t\t\t\t\t\tdata-qtmplayer-artist=\"RNA\"\n\t\t\t\t\t\tdata-qtmplayer-link=\"https:\/\/rna.ao\/rna.ao\/2020\/10\/25\/delegacao-ministerial-zambiana-visita-cfb\/\"\n\t\t\t\t\t\tdata-qtmplayer-icon=\"file_download\"\n\t\t\t\t\t\tdata-qtmplayer-type=\"track\"\n\t\t\t class=\"qtmplayer-play qtmplayer-link-sec qtmplayer-play-btn\"><i class='material-icons'>play_arrow<\/i><\/span>\n\t\t<p>\n\t\t\t<span class=\"qtmplayer-tit\">Delega\u00e7\u00e3o ministerial zambiana visita CFB<\/span>\n\t\t\t<span class=\"qtmplayer-art\">RNA<\/span>\n\t\t<\/p>\n\t<\/li>\n\t\t<\/ul>\n\t<\/div>\t\t\t\n\t\n<p>Fonte: RNA \u2013 Jornalista, Bettencourt Pinto<\/p>\n","protected":false},"excerpt":{"rendered":"<p>Uma delega\u00e7\u00e3o ministerial da Z\u00e2mbia visitou a prov\u00edncia de Benguela, s\u00e1bado, 24\/10, onde constatou o grau de operacionalidade dos Caminhos de Ferro de Benguela, CFB. Composta pelos titulares zambianos dos transportes e comunica\u00e7\u00e3o, habita\u00e7\u00e3o e desenvolvimento de infraestruturas, a delega\u00e7\u00e3o ressaltou a import\u00e2ncia das condi\u00e7\u00f5es infraestruturais para incrementar as trocas ...<\/p>\n","protected":false},"author":8,"featured_media":9531,"comment_status":"closed","ping_status":"closed","sticky":false,"template":"","format":"standard","meta":[],"categories":[121,163],"tags":[],"_links":{"self":[{"href":"https:\/\/rna.ao\/rna.ao\/wp-json\/wp\/v2\/posts\/9529"}],"collection":[{"href":"https:\/\/rna.ao\/rna.ao\/wp-json\/wp\/v2\/posts"}],"about":[{"href":"https:\/\/rna.ao\/rna.ao\/wp-json\/wp\/v2\/types\/post"}],"author":[{"embeddable":true,"href":"https:\/\/rna.ao\/rna.ao\/wp-json\/wp\/v2\/users\/8"}],"replies":[{"embeddable":true,"href":"https:\/\/rna.ao\/rna.ao\/wp-json\/wp\/v2\/comments?post=9529"}],"version-history":[{"count":1,"href":"https:\/\/rna.ao\/rna.ao\/wp-json\/wp\/v2\/posts\/9529\/revisions"}],"predecessor-version":[{"id":9532,"href":"https:\/\/rna.ao\/rna.ao\/wp-json\/wp\/v2\/posts\/9529\/revisions\/9532"}],"wp:featuredmedia":[{"embeddable":true,"href":"https:\/\/rna.ao\/rna.ao\/wp-json\/wp\/v2\/media\/9531"}],"wp:attachment":[{"href":"https:\/\/rna.ao\/rna.ao\/wp-json\/wp\/v2\/media?parent=9529"}],"wp:term":[{"taxonomy":"category","embeddable":true,"href":"https:\/\/rna.ao\/rna.ao\/wp-json\/wp\/v2\/categories?post=9529"},{"taxonomy":"post_tag","embeddable":true,"href":"https:\/\/rna.ao\/rna.ao\/wp-json\/wp\/v2\/tags?post=9529"}],"curies":[{"name":"wp","href":"https:\/\/api.w.org\/{rel}","templated":true}]}}