{"id":95284,"date":"2023-03-08T18:32:47","date_gmt":"2023-03-08T17:32:47","guid":{"rendered":"https:\/\/rna.ao\/rna.ao\/?p=95284"},"modified":"2023-03-08T18:40:19","modified_gmt":"2023-03-08T17:40:19","slug":"governo-assegura-reabilitacao-da-estrada-benguela-huila","status":"publish","type":"post","link":"https:\/\/rna.ao\/rna.ao\/2023\/03\/08\/governo-assegura-reabilitacao-da-estrada-benguela-huila\/","title":{"rendered":"Governo assegura reabilita\u00e7\u00e3o da estrada Benguela-Hu\u00edla"},"content":{"rendered":"<p><img loading=\"lazy\" class=\"alignnone size-medium wp-image-95292\" src=\"https:\/\/rna.ao\/rna.ao\/wp-content\/uploads\/2023\/03\/3E83C408-C73F-451F-8097-9D387D488930-770x578.jpeg\" alt=\"\" width=\"770\" height=\"578\" srcset=\"https:\/\/rna.ao\/rna.ao\/wp-content\/uploads\/2023\/03\/3E83C408-C73F-451F-8097-9D387D488930-770x578.jpeg 770w, https:\/\/rna.ao\/rna.ao\/wp-content\/uploads\/2023\/03\/3E83C408-C73F-451F-8097-9D387D488930-768x576.jpeg 768w, https:\/\/rna.ao\/rna.ao\/wp-content\/uploads\/2023\/03\/3E83C408-C73F-451F-8097-9D387D488930.jpeg 820w\" sizes=\"(max-width: 770px) 100vw, 770px\" \/><\/p>\n<p>O programa de recupera\u00e7\u00e3o das estradas no centro e sul do pa\u00eds prev\u00ea a reabilita\u00e7\u00e3o do tro\u00e7o Benguela- Lubango (Hu\u00edla).<\/p>\n<p>Entre as prioridades est\u00e1 igualmente a interven\u00e7\u00e3o na estrada que liga as regi\u00f5es de Cacula ( Hu\u00edla ) e Cusse ( Huambo).<\/p>\n<p>J\u00e1 as obras de constru\u00e7\u00e3o da Circular Rodovi\u00e1ria do Lubango ficam conclu\u00eddas em breve<\/p>\n<p>Jornalista Valdo Esteves. Clique no \u00e1udio abaixo e ou\u00e7a ;<\/p>\n\t<div class=\"qtmplayer-playlist-large\">\n\t\t<ul class=\"qtmplayer-playlist\">\n\t\t\t\n\t\t\t\t\t<li class=\"qtmplayer-trackitem\">\n\t\t<img src=\"https:\/\/rna.ao\/rna.ao\/wp-content\/uploads\/2023\/03\/9A31070D-3338-4B3D-811E-2AADA74A8CDD-100x100.jpeg\" alt=\"cover\">\t\t<span \t\t\tdata-qtmplayer-cover=\"https:\/\/rna.ao\/rna.ao\/wp-content\/uploads\/2023\/03\/9A31070D-3338-4B3D-811E-2AADA74A8CDD-370x370.jpeg\"\n\t\t\t\t\t\tdata-qtmplayer-file=\"https:\/\/rna.ao\/rna.ao\/wp-content\/uploads\/2023\/03\/MINISTRO-DAS-OBRAS-PUBLICAS.mp3\"\n\t\t\t\t\t\tdata-qtmplayer-title=\"Governo assegura reabilita\u00e7\u00e3o da estrada Benguela-Hu\u00edla\"\n\t\t\t\t\t\tdata-qtmplayer-artist=\"Carla\"\n\t\t\t\t\t\tdata-qtmplayer-link=\"https:\/\/rna.ao\/rna.ao\/2023\/03\/08\/governo-assegura-reabilitacao-da-estrada-benguela-huila\/\"\n\t\t\t\t\t\tdata-qtmplayer-icon=\"file_download\"\n\t\t\t\t\t\tdata-qtmplayer-type=\"track\"\n\t\t\t class=\"qtmplayer-play qtmplayer-link-sec qtmplayer-play-btn\"><i class='material-icons'>play_arrow<\/i><\/span>\n\t\t<p>\n\t\t\t<span class=\"qtmplayer-tit\">Governo assegura reabilita\u00e7\u00e3o da estrada Benguela-Hu\u00edla<\/span>\n\t\t\t<span class=\"qtmplayer-art\">Carla<\/span>\n\t\t<\/p>\n\t<\/li>\n\t\t<\/ul>\n\t<\/div>\t\t\t\n\t\n","protected":false},"excerpt":{"rendered":"<p>O programa de recupera\u00e7\u00e3o das estradas no centro e sul do pa\u00eds prev\u00ea a reabilita\u00e7\u00e3o do tro\u00e7o Benguela- Lubango (Hu\u00edla). Entre as prioridades est\u00e1 igualmente a interven\u00e7\u00e3o na estrada que liga as regi\u00f5es de Cacula ( Hu\u00edla ) e Cusse ( Huambo). J\u00e1 as obras de constru\u00e7\u00e3o da Circular Rodovi\u00e1ria ...<\/p>\n","protected":false},"author":10,"featured_media":95290,"comment_status":"closed","ping_status":"closed","sticky":false,"template":"","format":"standard","meta":[],"categories":[142,121,163],"tags":[],"_links":{"self":[{"href":"https:\/\/rna.ao\/rna.ao\/wp-json\/wp\/v2\/posts\/95284"}],"collection":[{"href":"https:\/\/rna.ao\/rna.ao\/wp-json\/wp\/v2\/posts"}],"about":[{"href":"https:\/\/rna.ao\/rna.ao\/wp-json\/wp\/v2\/types\/post"}],"author":[{"embeddable":true,"href":"https:\/\/rna.ao\/rna.ao\/wp-json\/wp\/v2\/users\/10"}],"replies":[{"embeddable":true,"href":"https:\/\/rna.ao\/rna.ao\/wp-json\/wp\/v2\/comments?post=95284"}],"version-history":[{"count":3,"href":"https:\/\/rna.ao\/rna.ao\/wp-json\/wp\/v2\/posts\/95284\/revisions"}],"predecessor-version":[{"id":95293,"href":"https:\/\/rna.ao\/rna.ao\/wp-json\/wp\/v2\/posts\/95284\/revisions\/95293"}],"wp:featuredmedia":[{"embeddable":true,"href":"https:\/\/rna.ao\/rna.ao\/wp-json\/wp\/v2\/media\/95290"}],"wp:attachment":[{"href":"https:\/\/rna.ao\/rna.ao\/wp-json\/wp\/v2\/media?parent=95284"}],"wp:term":[{"taxonomy":"category","embeddable":true,"href":"https:\/\/rna.ao\/rna.ao\/wp-json\/wp\/v2\/categories?post=95284"},{"taxonomy":"post_tag","embeddable":true,"href":"https:\/\/rna.ao\/rna.ao\/wp-json\/wp\/v2\/tags?post=95284"}],"curies":[{"name":"wp","href":"https:\/\/api.w.org\/{rel}","templated":true}]}}