{"id":95278,"date":"2023-03-08T18:14:53","date_gmt":"2023-03-08T17:14:53","guid":{"rendered":"https:\/\/rna.ao\/rna.ao\/?p=95278"},"modified":"2023-03-08T18:59:45","modified_gmt":"2023-03-08T17:59:45","slug":"pr-reinaugura-maternidade-do-lubango-e-anuncia-a-construcao-de-um-grande-hospital-de-oncologia-em-luanda","status":"publish","type":"post","link":"https:\/\/rna.ao\/rna.ao\/2023\/03\/08\/pr-reinaugura-maternidade-do-lubango-e-anuncia-a-construcao-de-um-grande-hospital-de-oncologia-em-luanda\/","title":{"rendered":"PR reinaugura Maternidade do Lubango e anuncia a constru\u00e7\u00e3o de um \u201cgrande\u201d hospital de oncologia em Luanda"},"content":{"rendered":"<p><img loading=\"lazy\" class=\"alignnone size-medium wp-image-95281\" src=\"https:\/\/rna.ao\/rna.ao\/wp-content\/uploads\/2023\/03\/CEF0E9A3-2959-4BEE-B7A7-4AE34E0A4090-770x513.jpeg\" alt=\"\" width=\"770\" height=\"513\" srcset=\"https:\/\/rna.ao\/rna.ao\/wp-content\/uploads\/2023\/03\/CEF0E9A3-2959-4BEE-B7A7-4AE34E0A4090-770x513.jpeg 770w, https:\/\/rna.ao\/rna.ao\/wp-content\/uploads\/2023\/03\/CEF0E9A3-2959-4BEE-B7A7-4AE34E0A4090-1170x780.jpeg 1170w, https:\/\/rna.ao\/rna.ao\/wp-content\/uploads\/2023\/03\/CEF0E9A3-2959-4BEE-B7A7-4AE34E0A4090-768x512.jpeg 768w, https:\/\/rna.ao\/rna.ao\/wp-content\/uploads\/2023\/03\/CEF0E9A3-2959-4BEE-B7A7-4AE34E0A4090.jpeg 1286w\" sizes=\"(max-width: 770px) 100vw, 770px\" \/><\/p>\n<p>A capital da Huila tem agora uma Maternidade equipada e com meios avan\u00e7ados pra funcionar com 122 camas, salas de urg\u00eancia, internamento e atendimento de consultas externas de obstetricia, ginecologia e oncologia.<\/p>\n<p>O Presidente da Rep\u00fablica, Jo\u00e3o Louren\u00e7o, que reinaugurou a infraestrutura, anunciou a constru\u00e7\u00e3o de um \u201cgrande hospital oncol\u00f3gico em Luanda.<\/p>\n<p>Ayrton Kenha acompanhou a reabertura da Maternidade Irene Neto no Lubango. Clique no \u00e1udio abaixo e ou\u00e7a ;<\/p>\n\t<div class=\"qtmplayer-playlist-large\">\n\t\t<ul class=\"qtmplayer-playlist\">\n\t\t\t\n\t\t\t\t\t<li class=\"qtmplayer-trackitem\">\n\t\t<img src=\"https:\/\/rna.ao\/rna.ao\/wp-content\/uploads\/2023\/03\/9875153F-2FDF-4EFD-931F-66149651BA80-100x100.jpeg\" alt=\"cover\">\t\t<span \t\t\tdata-qtmplayer-cover=\"https:\/\/rna.ao\/rna.ao\/wp-content\/uploads\/2023\/03\/9875153F-2FDF-4EFD-931F-66149651BA80-370x370.jpeg\"\n\t\t\t\t\t\tdata-qtmplayer-file=\"https:\/\/rna.ao\/rna.ao\/wp-content\/uploads\/2023\/03\/HUILA-VISITA-3.mp3\"\n\t\t\t\t\t\tdata-qtmplayer-title=\"PR reinaugura Maternidade do Lubango e anuncia a constru\u00e7\u00e3o de um \u201cgrande\u201d hospital de oncologia em Luanda\"\n\t\t\t\t\t\tdata-qtmplayer-artist=\"Carla\"\n\t\t\t\t\t\tdata-qtmplayer-link=\"https:\/\/rna.ao\/rna.ao\/2023\/03\/08\/pr-reinaugura-maternidade-do-lubango-e-anuncia-a-construcao-de-um-grande-hospital-de-oncologia-em-luanda\/\"\n\t\t\t\t\t\tdata-qtmplayer-icon=\"file_download\"\n\t\t\t\t\t\tdata-qtmplayer-type=\"track\"\n\t\t\t class=\"qtmplayer-play qtmplayer-link-sec qtmplayer-play-btn\"><i class='material-icons'>play_arrow<\/i><\/span>\n\t\t<p>\n\t\t\t<span class=\"qtmplayer-tit\">PR reinaugura Maternidade do Lubango e anuncia a constru\u00e7\u00e3o de um \u201cgrande\u201d hospital de oncologia em Luanda<\/span>\n\t\t\t<span class=\"qtmplayer-art\">Carla<\/span>\n\t\t<\/p>\n\t<\/li>\n\t\t<\/ul>\n\t<\/div>\t\t\t\n\t\n<p>&nbsp;<\/p>\n","protected":false},"excerpt":{"rendered":"<p>A capital da Huila tem agora uma Maternidade equipada e com meios avan\u00e7ados pra funcionar com 122 camas, salas de urg\u00eancia, internamento e atendimento de consultas externas de obstetricia, ginecologia e oncologia. O Presidente da Rep\u00fablica, Jo\u00e3o Louren\u00e7o, que reinaugurou a infraestrutura, anunciou a constru\u00e7\u00e3o de um \u201cgrande hospital oncol\u00f3gico ...<\/p>\n","protected":false},"author":10,"featured_media":95294,"comment_status":"closed","ping_status":"closed","sticky":false,"template":"","format":"standard","meta":[],"categories":[142,121,163],"tags":[],"_links":{"self":[{"href":"https:\/\/rna.ao\/rna.ao\/wp-json\/wp\/v2\/posts\/95278"}],"collection":[{"href":"https:\/\/rna.ao\/rna.ao\/wp-json\/wp\/v2\/posts"}],"about":[{"href":"https:\/\/rna.ao\/rna.ao\/wp-json\/wp\/v2\/types\/post"}],"author":[{"embeddable":true,"href":"https:\/\/rna.ao\/rna.ao\/wp-json\/wp\/v2\/users\/10"}],"replies":[{"embeddable":true,"href":"https:\/\/rna.ao\/rna.ao\/wp-json\/wp\/v2\/comments?post=95278"}],"version-history":[{"count":1,"href":"https:\/\/rna.ao\/rna.ao\/wp-json\/wp\/v2\/posts\/95278\/revisions"}],"predecessor-version":[{"id":95283,"href":"https:\/\/rna.ao\/rna.ao\/wp-json\/wp\/v2\/posts\/95278\/revisions\/95283"}],"wp:featuredmedia":[{"embeddable":true,"href":"https:\/\/rna.ao\/rna.ao\/wp-json\/wp\/v2\/media\/95294"}],"wp:attachment":[{"href":"https:\/\/rna.ao\/rna.ao\/wp-json\/wp\/v2\/media?parent=95278"}],"wp:term":[{"taxonomy":"category","embeddable":true,"href":"https:\/\/rna.ao\/rna.ao\/wp-json\/wp\/v2\/categories?post=95278"},{"taxonomy":"post_tag","embeddable":true,"href":"https:\/\/rna.ao\/rna.ao\/wp-json\/wp\/v2\/tags?post=95278"}],"curies":[{"name":"wp","href":"https:\/\/api.w.org\/{rel}","templated":true}]}}