{"id":95259,"date":"2023-03-08T10:14:57","date_gmt":"2023-03-08T09:14:57","guid":{"rendered":"https:\/\/rna.ao\/rna.ao\/?p=95259"},"modified":"2023-03-08T10:14:57","modified_gmt":"2023-03-08T09:14:57","slug":"movimento-nacional-dos-estudantes-apela-ao-ministerio-da-educacao-a-admitir-professores-interpretes-de-lingua-gestual","status":"publish","type":"post","link":"https:\/\/rna.ao\/rna.ao\/2023\/03\/08\/movimento-nacional-dos-estudantes-apela-ao-ministerio-da-educacao-a-admitir-professores-interpretes-de-lingua-gestual\/","title":{"rendered":"Movimento Nacional dos Estudantes apela ao Minist\u00e9rio da Educa\u00e7\u00e3o a admitir Professores interpretes de l\u00edngua gestual"},"content":{"rendered":"<p><img loading=\"lazy\" class=\"alignnone size-full wp-image-95263\" src=\"https:\/\/rna.ao\/rna.ao\/wp-content\/uploads\/2023\/03\/B60BAB5A-8B5F-493A-BEB6-1E57D9645867.jpeg\" alt=\"\" width=\"330\" height=\"153\" \/><br \/>\nAs escolas do ensino especial em todo pa\u00eds necessitam de professores interpretes de l\u00edngua gestual.<\/p>\n<p>Os docentes s\u00e3o necess\u00e1rios para facilitarem o ensino e aprendizagem dos alunos portadores de defici\u00eancia auditiva.<\/p>\n<p>Para dar solu\u00e7\u00e3o a este problema, o Movimento Nacional dos Estudantes, solicita ao Minist\u00e9rio da Educa\u00e7\u00e3o a admiss\u00e3o de Professores interpretes nos pr\u00f3ximos concursos p\u00fablicos. Jornalista Carolina Rodrigues. Clique no \u00e1udio abaixo e ou\u00e7a ;<\/p>\n\t<div class=\"qtmplayer-playlist-large\">\n\t\t<ul class=\"qtmplayer-playlist\">\n\t\t\t\n\t\t\t\t\t<li class=\"qtmplayer-trackitem\">\n\t\t<img src=\"https:\/\/rna.ao\/rna.ao\/wp-content\/uploads\/2023\/03\/B60BAB5A-8B5F-493A-BEB6-1E57D9645867-100x100.jpeg\" alt=\"cover\">\t\t<span \t\t\tdata-qtmplayer-cover=\"https:\/\/rna.ao\/rna.ao\/wp-content\/uploads\/2023\/03\/B60BAB5A-8B5F-493A-BEB6-1E57D9645867.jpeg\"\n\t\t\t\t\t\tdata-qtmplayer-file=\"https:\/\/rna.ao\/rna.ao\/wp-content\/uploads\/2023\/03\/CAROLINA-RODRIGUES-07HRS-2.mp3\"\n\t\t\t\t\t\tdata-qtmplayer-title=\"Movimento Nacional dos Estudantes apela ao Minist\u00e9rio da Educa\u00e7\u00e3o a admitir Professores interpretes de l\u00edngua gestual\"\n\t\t\t\t\t\tdata-qtmplayer-artist=\"Carla\"\n\t\t\t\t\t\tdata-qtmplayer-link=\"https:\/\/rna.ao\/rna.ao\/2023\/03\/08\/movimento-nacional-dos-estudantes-apela-ao-ministerio-da-educacao-a-admitir-professores-interpretes-de-lingua-gestual\/\"\n\t\t\t\t\t\tdata-qtmplayer-icon=\"file_download\"\n\t\t\t\t\t\tdata-qtmplayer-type=\"track\"\n\t\t\t class=\"qtmplayer-play qtmplayer-link-sec qtmplayer-play-btn\"><i class='material-icons'>play_arrow<\/i><\/span>\n\t\t<p>\n\t\t\t<span class=\"qtmplayer-tit\">Movimento Nacional dos Estudantes apela ao Minist\u00e9rio da Educa\u00e7\u00e3o a admitir Professores interpretes de l\u00edngua gestual<\/span>\n\t\t\t<span class=\"qtmplayer-art\">Carla<\/span>\n\t\t<\/p>\n\t<\/li>\n\t\t<\/ul>\n\t<\/div>\t\t\t\n\t\n","protected":false},"excerpt":{"rendered":"<p>As escolas do ensino especial em todo pa\u00eds necessitam de professores interpretes de l\u00edngua gestual. Os docentes s\u00e3o necess\u00e1rios para facilitarem o ensino e aprendizagem dos alunos portadores de defici\u00eancia auditiva. Para dar solu\u00e7\u00e3o a este problema, o Movimento Nacional dos Estudantes, solicita ao Minist\u00e9rio da Educa\u00e7\u00e3o a admiss\u00e3o de ...<\/p>\n","protected":false},"author":10,"featured_media":95263,"comment_status":"closed","ping_status":"closed","sticky":false,"template":"","format":"standard","meta":[],"categories":[142,121,163],"tags":[],"_links":{"self":[{"href":"https:\/\/rna.ao\/rna.ao\/wp-json\/wp\/v2\/posts\/95259"}],"collection":[{"href":"https:\/\/rna.ao\/rna.ao\/wp-json\/wp\/v2\/posts"}],"about":[{"href":"https:\/\/rna.ao\/rna.ao\/wp-json\/wp\/v2\/types\/post"}],"author":[{"embeddable":true,"href":"https:\/\/rna.ao\/rna.ao\/wp-json\/wp\/v2\/users\/10"}],"replies":[{"embeddable":true,"href":"https:\/\/rna.ao\/rna.ao\/wp-json\/wp\/v2\/comments?post=95259"}],"version-history":[{"count":1,"href":"https:\/\/rna.ao\/rna.ao\/wp-json\/wp\/v2\/posts\/95259\/revisions"}],"predecessor-version":[{"id":95264,"href":"https:\/\/rna.ao\/rna.ao\/wp-json\/wp\/v2\/posts\/95259\/revisions\/95264"}],"wp:featuredmedia":[{"embeddable":true,"href":"https:\/\/rna.ao\/rna.ao\/wp-json\/wp\/v2\/media\/95263"}],"wp:attachment":[{"href":"https:\/\/rna.ao\/rna.ao\/wp-json\/wp\/v2\/media?parent=95259"}],"wp:term":[{"taxonomy":"category","embeddable":true,"href":"https:\/\/rna.ao\/rna.ao\/wp-json\/wp\/v2\/categories?post=95259"},{"taxonomy":"post_tag","embeddable":true,"href":"https:\/\/rna.ao\/rna.ao\/wp-json\/wp\/v2\/tags?post=95259"}],"curies":[{"name":"wp","href":"https:\/\/api.w.org\/{rel}","templated":true}]}}