{"id":9525,"date":"2020-10-25T07:46:31","date_gmt":"2020-10-25T06:46:31","guid":{"rendered":"https:\/\/rna.ao\/rna.ao\/?p=9525"},"modified":"2020-10-25T07:47:01","modified_gmt":"2020-10-25T06:47:01","slug":"manifestacao-de-luanda-sem-vitimas-mortais-e-danos-materiais-por-se-calcular","status":"publish","type":"post","link":"https:\/\/rna.ao\/rna.ao\/2020\/10\/25\/manifestacao-de-luanda-sem-vitimas-mortais-e-danos-materiais-por-se-calcular\/","title":{"rendered":"Manifesta\u00e7\u00e3o de Luanda sem v\u00edtimas mortais e danos materiais por se calcular"},"content":{"rendered":"<p><img loading=\"lazy\" class=\"size-medium wp-image-9527 aligncenter\" src=\"https:\/\/rna.ao\/rna.ao\/wp-content\/uploads\/2020\/10\/JoaL-770x421.png\" alt=\"\" width=\"770\" height=\"421\" srcset=\"https:\/\/rna.ao\/rna.ao\/wp-content\/uploads\/2020\/10\/JoaL-770x421.png 770w, https:\/\/rna.ao\/rna.ao\/wp-content\/uploads\/2020\/10\/JoaL-768x420.png 768w, https:\/\/rna.ao\/rna.ao\/wp-content\/uploads\/2020\/10\/JoaL.png 796w\" sizes=\"(max-width: 770px) 100vw, 770px\" \/>A governadora provincial de Luanda, (na foto) deplorou a tentativa de manifesta\u00e7\u00e3o culminada em arrua\u00e7a e vandalismo no s\u00e1bado, 24\/10, protagonizada por designados activistas da sociedade civil. Joana Lina disse que apesar de n\u00e3o se registarem v\u00edtimas humanas, os estragos ainda est\u00e3o por se calcular, entretanto, apelou que, actos do g\u00e9nero n\u00e3o se repitam para o bem da preserva\u00e7\u00e3o da vida, e da preven\u00e7\u00e3o contra a contamina\u00e7\u00e3o massiva da Covid-19. Clique no \u00e1udio para ouvir:<\/p>\n\t<div class=\"qtmplayer-playlist-large\">\n\t\t<ul class=\"qtmplayer-playlist\">\n\t\t\t\n\t\t\t\t\t<li class=\"qtmplayer-trackitem\">\n\t\t<img src=\"https:\/\/rna.ao\/rna.ao\/wp-content\/uploads\/2020\/10\/JoaL-100x100.png\" alt=\"cover\">\t\t<span \t\t\tdata-qtmplayer-cover=\"https:\/\/rna.ao\/rna.ao\/wp-content\/uploads\/2020\/10\/JoaL-370x370.png\"\n\t\t\t\t\t\tdata-qtmplayer-file=\"https:\/\/rna.ao\/rna.ao\/wp-content\/uploads\/2020\/10\/JOANA-LINA.mp3\"\n\t\t\t\t\t\tdata-qtmplayer-title=\"Manifesta\u00e7\u00e3o de Luanda sem v\u00edtimas mortais e danos materiais por se calcular\"\n\t\t\t\t\t\tdata-qtmplayer-artist=\"RNA\"\n\t\t\t\t\t\tdata-qtmplayer-link=\"https:\/\/rna.ao\/rna.ao\/2020\/10\/25\/manifestacao-de-luanda-sem-vitimas-mortais-e-danos-materiais-por-se-calcular\/\"\n\t\t\t\t\t\tdata-qtmplayer-icon=\"file_download\"\n\t\t\t\t\t\tdata-qtmplayer-type=\"track\"\n\t\t\t class=\"qtmplayer-play qtmplayer-link-sec qtmplayer-play-btn\"><i class='material-icons'>play_arrow<\/i><\/span>\n\t\t<p>\n\t\t\t<span class=\"qtmplayer-tit\">Manifesta\u00e7\u00e3o de Luanda sem v\u00edtimas mortais e danos materiais por se calcular<\/span>\n\t\t\t<span class=\"qtmplayer-art\">RNA<\/span>\n\t\t<\/p>\n\t<\/li>\n\t\t<\/ul>\n\t<\/div>\t\t\t\n\t\n<p>&nbsp;<\/p>\n","protected":false},"excerpt":{"rendered":"<p>A governadora provincial de Luanda, (na foto) deplorou a tentativa de manifesta\u00e7\u00e3o culminada em arrua\u00e7a e vandalismo no s\u00e1bado, 24\/10, protagonizada por designados activistas da sociedade civil. Joana Lina disse que apesar de n\u00e3o se registarem v\u00edtimas humanas, os estragos ainda est\u00e3o por se calcular, entretanto, apelou que, actos do ...<\/p>\n","protected":false},"author":8,"featured_media":9527,"comment_status":"closed","ping_status":"closed","sticky":false,"template":"","format":"standard","meta":[],"categories":[141,163],"tags":[],"_links":{"self":[{"href":"https:\/\/rna.ao\/rna.ao\/wp-json\/wp\/v2\/posts\/9525"}],"collection":[{"href":"https:\/\/rna.ao\/rna.ao\/wp-json\/wp\/v2\/posts"}],"about":[{"href":"https:\/\/rna.ao\/rna.ao\/wp-json\/wp\/v2\/types\/post"}],"author":[{"embeddable":true,"href":"https:\/\/rna.ao\/rna.ao\/wp-json\/wp\/v2\/users\/8"}],"replies":[{"embeddable":true,"href":"https:\/\/rna.ao\/rna.ao\/wp-json\/wp\/v2\/comments?post=9525"}],"version-history":[{"count":1,"href":"https:\/\/rna.ao\/rna.ao\/wp-json\/wp\/v2\/posts\/9525\/revisions"}],"predecessor-version":[{"id":9528,"href":"https:\/\/rna.ao\/rna.ao\/wp-json\/wp\/v2\/posts\/9525\/revisions\/9528"}],"wp:featuredmedia":[{"embeddable":true,"href":"https:\/\/rna.ao\/rna.ao\/wp-json\/wp\/v2\/media\/9527"}],"wp:attachment":[{"href":"https:\/\/rna.ao\/rna.ao\/wp-json\/wp\/v2\/media?parent=9525"}],"wp:term":[{"taxonomy":"category","embeddable":true,"href":"https:\/\/rna.ao\/rna.ao\/wp-json\/wp\/v2\/categories?post=9525"},{"taxonomy":"post_tag","embeddable":true,"href":"https:\/\/rna.ao\/rna.ao\/wp-json\/wp\/v2\/tags?post=9525"}],"curies":[{"name":"wp","href":"https:\/\/api.w.org\/{rel}","templated":true}]}}