{"id":95245,"date":"2023-03-08T09:34:12","date_gmt":"2023-03-08T08:34:12","guid":{"rendered":"https:\/\/rna.ao\/rna.ao\/?p=95245"},"modified":"2023-03-08T10:17:21","modified_gmt":"2023-03-08T09:17:21","slug":"presidente-da-republica-reinaugura-hoje-na-huila-a-maternidade-do-lubango","status":"publish","type":"post","link":"https:\/\/rna.ao\/rna.ao\/2023\/03\/08\/presidente-da-republica-reinaugura-hoje-na-huila-a-maternidade-do-lubango\/","title":{"rendered":"Presidente da Rep\u00fablica Reinaugura hoje na Huila a Maternidade do Lubango"},"content":{"rendered":"<p style=\"font-weight: 400;\"><img loading=\"lazy\" class=\"alignnone size-full wp-image-95247\" src=\"https:\/\/rna.ao\/rna.ao\/wp-content\/uploads\/2023\/03\/7EA4F08C-650A-4487-A8A0-7CD840174486.jpeg\" alt=\"\" width=\"275\" height=\"183\" \/><br \/>\nAssinala-se hoje, 8 de Mar\u00e7o, o Dia Internacional da Mulher.<\/p>\n<p style=\"font-weight: 400;\">A data foi institu\u00edda pelas Na\u00e7\u00f5es Unidas e, actualmente, \u00e9 comemorada em mais de 100 pa\u00edses.<\/p>\n<p style=\"font-weight: 400;\">Por c\u00e1, O Presidente Jo\u00e3o Louren\u00e7o, desloca \u2013 se hoje, a prov\u00edncia da Hu\u00edla, onde vai reinaugurar a Maternidade do Lubango.<\/p>\n<p style=\"font-weight: 400;\">Segundo o porta-voz da Presid\u00eancia da Rep\u00fablica, Lu\u00eds Fernando, a Maternidade do Lubango, beneficiou de obras de moderniza\u00e7\u00e3o e est\u00e1 pronta para prestar a mulher servi\u00e7os de sa\u00fade de qualidade. Clique no \u00e1udio abaixo e ou\u00e7a ;<\/p>\n\t<div class=\"qtmplayer-playlist-large\">\n\t\t<ul class=\"qtmplayer-playlist\">\n\t\t\t\n\t\t\t\t\t<li class=\"qtmplayer-trackitem\">\n\t\t<img src=\"https:\/\/rna.ao\/rna.ao\/wp-content\/uploads\/2023\/03\/8E8B0491-A585-4AF9-B1D2-84248A151A4E-100x100.jpeg\" alt=\"cover\">\t\t<span \t\t\tdata-qtmplayer-cover=\"https:\/\/rna.ao\/rna.ao\/wp-content\/uploads\/2023\/03\/8E8B0491-A585-4AF9-B1D2-84248A151A4E-370x370.jpeg\"\n\t\t\t\t\t\tdata-qtmplayer-file=\"https:\/\/rna.ao\/rna.ao\/wp-content\/uploads\/2023\/03\/LUIS-FERNANDO-07HRS.mp3\"\n\t\t\t\t\t\tdata-qtmplayer-title=\"Presidente da Rep\u00fablica Reinaugura hoje na Huila a Maternidade do Lubango\"\n\t\t\t\t\t\tdata-qtmplayer-artist=\"Carla\"\n\t\t\t\t\t\tdata-qtmplayer-link=\"https:\/\/rna.ao\/rna.ao\/2023\/03\/08\/presidente-da-republica-reinaugura-hoje-na-huila-a-maternidade-do-lubango\/\"\n\t\t\t\t\t\tdata-qtmplayer-icon=\"file_download\"\n\t\t\t\t\t\tdata-qtmplayer-type=\"track\"\n\t\t\t class=\"qtmplayer-play qtmplayer-link-sec qtmplayer-play-btn\"><i class='material-icons'>play_arrow<\/i><\/span>\n\t\t<p>\n\t\t\t<span class=\"qtmplayer-tit\">Presidente da Rep\u00fablica Reinaugura hoje na Huila a Maternidade do Lubango<\/span>\n\t\t\t<span class=\"qtmplayer-art\">Carla<\/span>\n\t\t<\/p>\n\t<\/li>\n\t\t<\/ul>\n\t<\/div>\t\t\t\n\t\n<p>A infraestrutura que beneficiou de um investimento avaliado em 10 milh\u00f5es de d\u00f3lares, conta com novas val\u00eancias m\u00e9dicas.<\/p>\n<p style=\"font-weight: 400;\">A Maternidade do Lubango, passa tamb\u00e9m a contar com um internato de especialidade.<\/p>\n<p style=\"font-weight: 400;\">Jornalista Airton Kenha. Clique no \u00e1udio abaixo e ou\u00e7a;<\/p>\n\t<div class=\"qtmplayer-playlist-large\">\n\t\t<ul class=\"qtmplayer-playlist\">\n\t\t\t\n\t\t\t\t\t<li class=\"qtmplayer-trackitem\">\n\t\t<img src=\"https:\/\/rna.ao\/rna.ao\/wp-content\/uploads\/2023\/03\/8E8B0491-A585-4AF9-B1D2-84248A151A4E-100x100.jpeg\" alt=\"cover\">\t\t<span \t\t\tdata-qtmplayer-cover=\"https:\/\/rna.ao\/rna.ao\/wp-content\/uploads\/2023\/03\/8E8B0491-A585-4AF9-B1D2-84248A151A4E-370x370.jpeg\"\n\t\t\t\t\t\tdata-qtmplayer-file=\"https:\/\/rna.ao\/rna.ao\/wp-content\/uploads\/2023\/03\/HUILA-REINAUGURAA\u0087AO-DA-MATERNIDADE-07-HRS-1-1.mp3\"\n\t\t\t\t\t\tdata-qtmplayer-title=\"Presidente da Rep\u00fablica Reinaugura hoje na Huila a Maternidade do Lubango\"\n\t\t\t\t\t\tdata-qtmplayer-artist=\"Carla\"\n\t\t\t\t\t\tdata-qtmplayer-link=\"https:\/\/rna.ao\/rna.ao\/2023\/03\/08\/presidente-da-republica-reinaugura-hoje-na-huila-a-maternidade-do-lubango\/\"\n\t\t\t\t\t\tdata-qtmplayer-icon=\"file_download\"\n\t\t\t\t\t\tdata-qtmplayer-type=\"track\"\n\t\t\t class=\"qtmplayer-play qtmplayer-link-sec qtmplayer-play-btn\"><i class='material-icons'>play_arrow<\/i><\/span>\n\t\t<p>\n\t\t\t<span class=\"qtmplayer-tit\">Presidente da Rep\u00fablica Reinaugura hoje na Huila a Maternidade do Lubango<\/span>\n\t\t\t<span class=\"qtmplayer-art\">Carla<\/span>\n\t\t<\/p>\n\t<\/li>\n\t\t<\/ul>\n\t<\/div>\t\t\t\n\t\n<p style=\"font-weight: 400;\">Presidente Jo\u00e3o Louren\u00e7o, desloca \u2013 se hoje, quarta \u2013 feira, a Hu\u00edla, onde vai reinaugurar a Maternidade do Lubango<\/p>\n","protected":false},"excerpt":{"rendered":"<p>Assinala-se hoje, 8 de Mar\u00e7o, o Dia Internacional da Mulher. A data foi institu\u00edda pelas Na\u00e7\u00f5es Unidas e, actualmente, \u00e9 comemorada em mais de 100 pa\u00edses. Por c\u00e1, O Presidente Jo\u00e3o Louren\u00e7o, desloca \u2013 se hoje, a prov\u00edncia da Hu\u00edla, onde vai reinaugurar a Maternidade do Lubango. Segundo o porta-voz ...<\/p>\n","protected":false},"author":10,"featured_media":95266,"comment_status":"closed","ping_status":"closed","sticky":false,"template":"","format":"standard","meta":[],"categories":[142,121,163],"tags":[],"_links":{"self":[{"href":"https:\/\/rna.ao\/rna.ao\/wp-json\/wp\/v2\/posts\/95245"}],"collection":[{"href":"https:\/\/rna.ao\/rna.ao\/wp-json\/wp\/v2\/posts"}],"about":[{"href":"https:\/\/rna.ao\/rna.ao\/wp-json\/wp\/v2\/types\/post"}],"author":[{"embeddable":true,"href":"https:\/\/rna.ao\/rna.ao\/wp-json\/wp\/v2\/users\/10"}],"replies":[{"embeddable":true,"href":"https:\/\/rna.ao\/rna.ao\/wp-json\/wp\/v2\/comments?post=95245"}],"version-history":[{"count":1,"href":"https:\/\/rna.ao\/rna.ao\/wp-json\/wp\/v2\/posts\/95245\/revisions"}],"predecessor-version":[{"id":95251,"href":"https:\/\/rna.ao\/rna.ao\/wp-json\/wp\/v2\/posts\/95245\/revisions\/95251"}],"wp:featuredmedia":[{"embeddable":true,"href":"https:\/\/rna.ao\/rna.ao\/wp-json\/wp\/v2\/media\/95266"}],"wp:attachment":[{"href":"https:\/\/rna.ao\/rna.ao\/wp-json\/wp\/v2\/media?parent=95245"}],"wp:term":[{"taxonomy":"category","embeddable":true,"href":"https:\/\/rna.ao\/rna.ao\/wp-json\/wp\/v2\/categories?post=95245"},{"taxonomy":"post_tag","embeddable":true,"href":"https:\/\/rna.ao\/rna.ao\/wp-json\/wp\/v2\/tags?post=95245"}],"curies":[{"name":"wp","href":"https:\/\/api.w.org\/{rel}","templated":true}]}}